{"id":932,"date":"2018-05-18T17:59:28","date_gmt":"2018-05-18T17:59:28","guid":{"rendered":"https:\/\/situati.net.br\/new\/rede-lucy-montoro-celebra-seus-10-anos-e-lanca-campanha-eu-sou-lucy\/"},"modified":"2024-04-02T21:20:53","modified_gmt":"2024-04-03T00:20:53","slug":"rede-lucy-montoro-celebra-seus-10-anos-e-lanca-campanha-eu-sou-lucy","status":"publish","type":"post","link":"https:\/\/redelucymontoro.org.br\/site\/rede-lucy-montoro-celebra-seus-10-anos-e-lanca-campanha-eu-sou-lucy\/","title":{"rendered":"Rede Lucy Montoro celebra seus 10 anos e lan\u00e7a campanha Eu Sou Lucy"},"content":{"rendered":"<p>A Rede de Reabilita\u00e7\u00e3o Lucy Montoro celebrou ontem os dez anos de sua implementa\u00e7\u00e3o com um evento emocionante em uma de suas unidades, o Instituto Lucy Montoro, que fica no bairro do Morumbi, em S\u00e3o Paulo.<\/p>\n<p><!--more--><\/p>\n<p>Compareceram ao evento autoridades como Linamara Rizzo Battistella, Secret\u00e1ria dos Direitos da Pessoa com Defici\u00eancia do estado de S\u00e3o Paulo, Marco Antonio Zago, Secret\u00e1rio de Sa\u00fade do Estado, e Cid Torquato, Secret\u00e1rio Municipal da Pessoa com Defici\u00eancia.<\/p>\n<p><img fetchpriority=\"high\" decoding=\"async\" class=\" size-full wp-image-931\" src=\"https:\/\/redelucymontoro.org.br\/site\/wp-content\/uploads\/2018\/05\/Comemoracao_de_10_anos_da_Rede_de_Reabilitacao_Lucy_Montoro_104-3ee.jpg\" alt=\"Comemora\u00e7\u00e3o de 10 anos da Rede de Reabilita\u00e7\u00e3o Lucy Montoro 104\" width=\"700\" height=\"465\" \/><br \/><em>Os Professores Linamara Rizzo Battistella e Marco Antonio Zago cortam o bolo comemorativo<\/em><\/p>\n<p>Al\u00e9m deles, estiveram presentes os filhos&nbsp;da Sra. Lucy Pestana Silva Montoro, assistente social e primeira-dama do estado de S\u00e3o Paulo entre 1983 e 1987 que inspirou a cria\u00e7\u00e3o da Rede, e diretores e colaboradores das unidades da capital e do interior de S\u00e3o Paulo.<\/p>\n<p>Durante a cerim\u00f4nia, foi veiculado o teaser da campanha Eu Sou Lucy, que apresentou os dez pacientes que contar\u00e3o, nas pr\u00f3ximas semanas, suas hist\u00f3rias dentro da reabilita\u00e7\u00e3o. Os v\u00eddeos ser\u00e3o postados no <a href=\"https:\/\/www.facebook.com\/redelucymontoro\/?ref=bookmarks\" target=\"_blank\" rel=\"noopener\">Facebook da Rede Lucy Montoro<\/a>.<\/p>\n<p><iframe src=\"https:\/\/drive.google.com\/file\/d\/1VAM9mKYlzy9CGuz0WbKrd1DZNSFnpuhn\/preview\" width=\"640\" height=\"480\"><\/iframe><\/p>\n<p>Veja fotos do evento:<\/p>\n<p><object data=\"https:\/\/www.flickr.com\/apps\/slideshow\/show.swf?v=261948265\" width=\"400\" height=\"300\"><param name=\"flashvars\" value=\"offsite=true&amp;lang=pt-br&amp;page_show_url=%2Fphotos%2Flucymontoro%2Fsets%2F72157695357048301%2Fshow%2F&amp;page_show_back_url=%2Fphotos%2Flucymontoro%2Fsets%2F72157695357048301%2F&amp;set_id=72157695357048301&amp;jump_to=0\" \/><param name=\"movie\" value=\"https:\/\/www.flickr.com\/apps\/slideshow\/show.swf?v=261948265\" \/><param name=\"allowFullScreen\" value=\"true\" \/><embed src=\"https:\/\/www.flickr.com\/apps\/slideshow\/show.swf?v=261948265\" type=\"application\/x-shockwave-flash\" width=\"400\" height=\"300\" allowfullscreen=\"allowfullscreen\" flashvars=\"offsite=true&amp;lang=pt-br&amp;page_show_url=%2Fphotos%2Flucymontoro%2Fsets%2F72157695357048301%2Fshow%2F&amp;page_show_back_url=%2Fphotos%2Flucymontoro%2Fsets%2F72157695357048301%2F&amp;set_id=72157695357048301&amp;jump_to=0\" movie=\"https:\/\/www.flickr.com\/apps\/slideshow\/show.swf?v=261948265\" allowFullScreen=\"true\"><\/embed><\/object><\/p>\n","protected":false},"excerpt":{"rendered":"","protected":false},"author":2,"featured_media":931,"comment_status":"closed","ping_status":"closed","sticky":false,"template":"","format":"standard","meta":{"_acf_changed":false,"inline_featured_image":false,"footnotes":""},"categories":[9],"tags":[],"class_list":["post-932","post","type-post","status-publish","format-standard","has-post-thumbnail","hentry","category-noticias"],"acf":[],"_links":{"self":[{"href":"https:\/\/redelucymontoro.org.br\/site\/wp-json\/wp\/v2\/posts\/932","targetHints":{"allow":["GET"]}}],"collection":[{"href":"https:\/\/redelucymontoro.org.br\/site\/wp-json\/wp\/v2\/posts"}],"about":[{"href":"https:\/\/redelucymontoro.org.br\/site\/wp-json\/wp\/v2\/types\/post"}],"author":[{"embeddable":true,"href":"https:\/\/redelucymontoro.org.br\/site\/wp-json\/wp\/v2\/users\/2"}],"replies":[{"embeddable":true,"href":"https:\/\/redelucymontoro.org.br\/site\/wp-json\/wp\/v2\/comments?post=932"}],"version-history":[{"count":0,"href":"https:\/\/redelucymontoro.org.br\/site\/wp-json\/wp\/v2\/posts\/932\/revisions"}],"wp:featuredmedia":[{"embeddable":true,"href":"https:\/\/redelucymontoro.org.br\/site\/wp-json\/wp\/v2\/media\/931"}],"wp:attachment":[{"href":"https:\/\/redelucymontoro.org.br\/site\/wp-json\/wp\/v2\/media?parent=932"}],"wp:term":[{"taxonomy":"category","embeddable":true,"href":"https:\/\/redelucymontoro.org.br\/site\/wp-json\/wp\/v2\/categories?post=932"},{"taxonomy":"post_tag","embeddable":true,"href":"https:\/\/redelucymontoro.org.br\/site\/wp-json\/wp\/v2\/tags?post=932"}],"curies":[{"name":"wp","href":"https:\/\/api.w.org\/{rel}","templated":true}]}}