{"id":924,"date":"2018-04-25T19:29:55","date_gmt":"2018-04-25T19:29:55","guid":{"rendered":"https:\/\/situati.net.br\/new\/processo-seletivo-para-medico-fisiatra-no-centro-de-reabilitacao-de-marilia-e-prorrogado\/"},"modified":"2024-04-02T21:20:53","modified_gmt":"2024-04-03T00:20:53","slug":"processo-seletivo-para-medico-fisiatra-no-centro-de-reabilitacao-de-marilia-e-prorrogado","status":"publish","type":"post","link":"https:\/\/redelucymontoro.org.br\/site\/processo-seletivo-para-medico-fisiatra-no-centro-de-reabilitacao-de-marilia-e-prorrogado\/","title":{"rendered":"Processo seletivo para m\u00e9dico fisiatra no Centro de Reabilita\u00e7\u00e3o de Mar\u00edlia \u00e9 prorrogado"},"content":{"rendered":"<p>O Centro de Reabilita\u00e7\u00e3o da Rede Lucy Montoro em Mar\u00edlia prorrogou as inscri\u00e7\u00f5es para o processo seletivo em Mar\u00edlia, interior de S\u00e3o Paulo.<\/p>\n<p><!--more--><\/p>\n<p>A vaga \u00e9 para m\u00e9dico fisiatra e \u00e9 poss\u00edvel inscrever-se at\u00e9 dia 4 de maio (sexta). Clique na imagem abaixo e acesse o link:<\/p>\n<p><a href=\"http:\/\/www.famema.br\/prosel\/prosel.php\" target=\"_blank\" rel=\"noopener\"><img fetchpriority=\"high\" decoding=\"async\" src=\"images\/processo-seletivo_m\u00e9dicos.jpg\" alt=\"processo seletivo m\u00e9dicos\" width=\"400\" height=\"213\" \/><\/a><\/p>\n","protected":false},"excerpt":{"rendered":"","protected":false},"author":2,"featured_media":0,"comment_status":"closed","ping_status":"closed","sticky":false,"template":"","format":"standard","meta":{"_acf_changed":false,"inline_featured_image":false,"footnotes":""},"categories":[9],"tags":[],"class_list":["post-924","post","type-post","status-publish","format-standard","hentry","category-noticias"],"acf":[],"_links":{"self":[{"href":"https:\/\/redelucymontoro.org.br\/site\/wp-json\/wp\/v2\/posts\/924","targetHints":{"allow":["GET"]}}],"collection":[{"href":"https:\/\/redelucymontoro.org.br\/site\/wp-json\/wp\/v2\/posts"}],"about":[{"href":"https:\/\/redelucymontoro.org.br\/site\/wp-json\/wp\/v2\/types\/post"}],"author":[{"embeddable":true,"href":"https:\/\/redelucymontoro.org.br\/site\/wp-json\/wp\/v2\/users\/2"}],"replies":[{"embeddable":true,"href":"https:\/\/redelucymontoro.org.br\/site\/wp-json\/wp\/v2\/comments?post=924"}],"version-history":[{"count":0,"href":"https:\/\/redelucymontoro.org.br\/site\/wp-json\/wp\/v2\/posts\/924\/revisions"}],"wp:attachment":[{"href":"https:\/\/redelucymontoro.org.br\/site\/wp-json\/wp\/v2\/media?parent=924"}],"wp:term":[{"taxonomy":"category","embeddable":true,"href":"https:\/\/redelucymontoro.org.br\/site\/wp-json\/wp\/v2\/categories?post=924"},{"taxonomy":"post_tag","embeddable":true,"href":"https:\/\/redelucymontoro.org.br\/site\/wp-json\/wp\/v2\/tags?post=924"}],"curies":[{"name":"wp","href":"https:\/\/api.w.org\/{rel}","templated":true}]}}