{"id":732,"date":"2017-08-22T18:42:26","date_gmt":"2017-08-22T18:42:26","guid":{"rendered":"https:\/\/situati.net.br\/new\/cantando-tocando-e-se-recuperando-metro-jornal-publica-uma-bonita-reportagem-sobre-a-oficina-terapeutica-de-canto-e-coral\/"},"modified":"2024-04-02T21:21:06","modified_gmt":"2024-04-03T00:21:06","slug":"cantando-tocando-e-se-recuperando-metro-jornal-publica-uma-bonita-reportagem-sobre-a-oficina-terapeutica-de-canto-e-coral","status":"publish","type":"post","link":"https:\/\/redelucymontoro.org.br\/site\/cantando-tocando-e-se-recuperando-metro-jornal-publica-uma-bonita-reportagem-sobre-a-oficina-terapeutica-de-canto-e-coral\/","title":{"rendered":"Cantando, tocando e se recuperando: Metro Jornal publica reportagem sobre a oficina terap\u00eautica de Canto e Coral"},"content":{"rendered":"<p>Em uma edi\u00e7\u00e3o especial, editada pelo maestro Jo\u00e3o Carlos Martins, o Metro Jornal publicou uma bonita reportagem mostrando o impacto positivo que tem a <a href=\"https:\/\/redelucymontoro.org.br\/site\/?p=203\" target=\"_blank\" rel=\"noopener\">Oficina Terap\u00eautica<\/a> de Canto e Coral na vida de seus alunos do IMREA Lapa.<\/p>\n<p><!--more--><\/p>\n<p>Os colaboradores Maiara Cardoso e Carlos Henrique Peixoto, do Servi\u00e7o de Terapia Ocupacional, tamb\u00e9m contaram suas impress\u00f5es \u00e0 reportagem, e ajudaram a divulgar o trabalho da Rede Lucy Montoro. N\u00e3o deixe de ler <a href=\"https:\/\/www.metrojornal.com.br\/foco\/2017\/08\/17\/centro-de-reabilitacao-usa-musica-para-recuperar-pessoas-com-restricao-fisica-e-mental.html?utm_source=facebook-fanpage&amp;utm_medium=social&amp;utm_content=centro-de-reabilitacao-usa-musica-para-recuperar-pessoas-com-restricao-fisica-e-mental.html\" target=\"_blank\" rel=\"noopener\">neste link<\/a>.<\/p>\n<p>&nbsp;<\/p>\n","protected":false},"excerpt":{"rendered":"","protected":false},"author":2,"featured_media":0,"comment_status":"closed","ping_status":"closed","sticky":false,"template":"","format":"standard","meta":{"_acf_changed":false,"inline_featured_image":false,"footnotes":""},"categories":[1],"tags":[],"class_list":["post-732","post","type-post","status-publish","format-standard","hentry","category-uncategorized"],"acf":[],"_links":{"self":[{"href":"https:\/\/redelucymontoro.org.br\/site\/wp-json\/wp\/v2\/posts\/732","targetHints":{"allow":["GET"]}}],"collection":[{"href":"https:\/\/redelucymontoro.org.br\/site\/wp-json\/wp\/v2\/posts"}],"about":[{"href":"https:\/\/redelucymontoro.org.br\/site\/wp-json\/wp\/v2\/types\/post"}],"author":[{"embeddable":true,"href":"https:\/\/redelucymontoro.org.br\/site\/wp-json\/wp\/v2\/users\/2"}],"replies":[{"embeddable":true,"href":"https:\/\/redelucymontoro.org.br\/site\/wp-json\/wp\/v2\/comments?post=732"}],"version-history":[{"count":0,"href":"https:\/\/redelucymontoro.org.br\/site\/wp-json\/wp\/v2\/posts\/732\/revisions"}],"wp:attachment":[{"href":"https:\/\/redelucymontoro.org.br\/site\/wp-json\/wp\/v2\/media?parent=732"}],"wp:term":[{"taxonomy":"category","embeddable":true,"href":"https:\/\/redelucymontoro.org.br\/site\/wp-json\/wp\/v2\/categories?post=732"},{"taxonomy":"post_tag","embeddable":true,"href":"https:\/\/redelucymontoro.org.br\/site\/wp-json\/wp\/v2\/tags?post=732"}],"curies":[{"name":"wp","href":"https:\/\/api.w.org\/{rel}","templated":true}]}}