{"id":731,"date":"2017-08-18T15:39:09","date_gmt":"2017-08-18T15:39:09","guid":{"rendered":"https:\/\/situati.net.br\/new\/imrea-contribui-para-a-formacao-servicos-para-cadeiras-de-rodas-em-todo-o-mundo\/"},"modified":"2024-04-02T21:21:06","modified_gmt":"2024-04-03T00:21:06","slug":"imrea-contribui-para-a-formacao-servicos-para-cadeiras-de-rodas-em-todo-o-mundo","status":"publish","type":"post","link":"https:\/\/redelucymontoro.org.br\/site\/imrea-contribui-para-a-formacao-servicos-para-cadeiras-de-rodas-em-todo-o-mundo\/","title":{"rendered":"IMREA contribui para a forma\u00e7\u00e3o de Instrutores em Servi\u00e7os para Cadeiras de Rodas em todo o mundo"},"content":{"rendered":"<p>O reconhecimento ao trabalho do IMREA ganhou, mais uma vez, territ\u00f3rios internacionais. A Organiza\u00e7\u00e3o Mundial da Sa\u00fade (OMS) acaba de publicar uma s\u00e9rie de Guias para a Forma\u00e7\u00e3o de Instrutores dos Pacotes de Treinamento em Servi\u00e7os para Cadeiras de Rodas e, para isso, os respons\u00e1veis pelo material tiveram a contribui\u00e7\u00e3o dos profissionais do IMREA, que j\u00e1 ministram esses cursos no Brasil de forma pioneira e sistem\u00e1tica.<\/p>\n<p><!--more--><\/p>\n<p><img fetchpriority=\"high\" decoding=\"async\" class=\" alignleft size-full wp-image-730\" src=\"https:\/\/redelucymontoro.org.br\/site\/wp-content\/uploads\/2017\/08\/Cadeira_de_Rodas_OMS-57b.jpg\" alt=\"Cadeira de Rodas OMS\" width=\"213\" height=\"298\" style=\"margin: 6px; float: left;\" \/>Os Guias completam um conjunto de materiais constitu\u00eddo por quatro m\u00f3dulos anteriores: os Pacotes de Treinamento em Servi\u00e7os para Cadeiras de Rodas de n\u00edvel B\u00e1sico (1) e Intermedi\u00e1rio (2), o curso para gestores (3) e a reuni\u00e3o de partes interessadas (4).<\/p>\n<p>Todos esses materiais j\u00e1 foram traduzidos para o Portugu\u00eas e empregados pelos profissionais do IMREA em uma s\u00e9rie de oficinas de capacita\u00e7\u00e3o. Essas Oficinas iniciaram em Fevereiro de 2014, quando, em um curso realizado no IMREA, o n\u00edvel B\u00e1sico foi apresentado a profissionais brasileiros e africanos de L\u00edngua Portuguesa. Hoje, servem para a padroniza\u00e7\u00e3o dos servi\u00e7os dos Ambulat\u00f3rios de Cadeiras de Rodas de toda Rede de Reabilita\u00e7\u00e3o Lucy Montoro.<\/p>\n<p>Os Guias contribuir\u00e3o para a forma\u00e7\u00e3o de novos instrutores capazes de replicar os conte\u00fados dos Pacotes de Treinamento e, assim, capacitar novos m\u00e9dicos, terapeutas, t\u00e9cnicos e gestores sobre como prestar melhores servi\u00e7os aos usu\u00e1rios de cadeiras de rodas ao redor do mundo.<\/p>\n<p>Confira o site da OMS (em ingl\u00eas):&nbsp;<a href=\"http:\/\/www.who.int\/rehabilitation\/en\/\">http:\/\/www.who.int\/rehabilitation\/en\/<\/a><\/p>\n<div>&nbsp;<\/div>\n","protected":false},"excerpt":{"rendered":"","protected":false},"author":2,"featured_media":730,"comment_status":"closed","ping_status":"closed","sticky":false,"template":"","format":"standard","meta":{"_acf_changed":false,"inline_featured_image":false,"footnotes":""},"categories":[9],"tags":[],"class_list":["post-731","post","type-post","status-publish","format-standard","has-post-thumbnail","hentry","category-noticias"],"acf":[],"_links":{"self":[{"href":"https:\/\/redelucymontoro.org.br\/site\/wp-json\/wp\/v2\/posts\/731","targetHints":{"allow":["GET"]}}],"collection":[{"href":"https:\/\/redelucymontoro.org.br\/site\/wp-json\/wp\/v2\/posts"}],"about":[{"href":"https:\/\/redelucymontoro.org.br\/site\/wp-json\/wp\/v2\/types\/post"}],"author":[{"embeddable":true,"href":"https:\/\/redelucymontoro.org.br\/site\/wp-json\/wp\/v2\/users\/2"}],"replies":[{"embeddable":true,"href":"https:\/\/redelucymontoro.org.br\/site\/wp-json\/wp\/v2\/comments?post=731"}],"version-history":[{"count":0,"href":"https:\/\/redelucymontoro.org.br\/site\/wp-json\/wp\/v2\/posts\/731\/revisions"}],"wp:featuredmedia":[{"embeddable":true,"href":"https:\/\/redelucymontoro.org.br\/site\/wp-json\/wp\/v2\/media\/730"}],"wp:attachment":[{"href":"https:\/\/redelucymontoro.org.br\/site\/wp-json\/wp\/v2\/media?parent=731"}],"wp:term":[{"taxonomy":"category","embeddable":true,"href":"https:\/\/redelucymontoro.org.br\/site\/wp-json\/wp\/v2\/categories?post=731"},{"taxonomy":"post_tag","embeddable":true,"href":"https:\/\/redelucymontoro.org.br\/site\/wp-json\/wp\/v2\/tags?post=731"}],"curies":[{"name":"wp","href":"https:\/\/api.w.org\/{rel}","templated":true}]}}