{"id":729,"date":"2017-08-17T18:04:26","date_gmt":"2017-08-17T18:04:26","guid":{"rendered":"https:\/\/situati.net.br\/new\/reabilitacao-da-rede-lucy-montoro-e-tema-de-reportagem-do-encontro-com-fatima\/"},"modified":"2025-09-30T08:56:22","modified_gmt":"2025-09-30T11:56:22","slug":"reabilitacao-da-rede-lucy-montoro-e-tema-de-reportagem-do-encontro-com-fatima","status":"publish","type":"post","link":"https:\/\/redelucymontoro.org.br\/site\/reabilitacao-da-rede-lucy-montoro-e-tema-de-reportagem-do-encontro-com-fatima\/","title":{"rendered":"Reabilita\u00e7\u00e3o da Rede Lucy Montoro \u00e9 tema de reportagem do Encontro com F\u00e1tima"},"content":{"rendered":"<p>O ex-paciente Em\u00edlio &#8220;Zagaia&#8221; participou do programa Encontro com F\u00e1tima da Rede Globo no dia 8 de agosto. Sua dedica\u00e7\u00e3o \u00e0 reabilita\u00e7\u00e3o ap\u00f3s ter sofrido AVC, os cuidados dispensados por sua cuidadora e o tratamento recebido em uma das unidades da Rede foram destacados na entrevista. Assista clicando na foto abaixo:<\/p>\n<p><a href=\"https:\/\/globoplay.globo.com\/v\/6063327\/programa\/\"><img fetchpriority=\"high\" decoding=\"async\" class=\" size-full wp-image-728\" src=\"https:\/\/redelucymontoro.org.br\/site\/wp-content\/uploads\/2017\/08\/Encontro-520.jpg\" alt=\"Encontro\" width=\"500\" height=\"293\" \/><\/a><\/p>\n","protected":false},"excerpt":{"rendered":"","protected":false},"author":2,"featured_media":728,"comment_status":"closed","ping_status":"closed","sticky":false,"template":"","format":"standard","meta":{"_acf_changed":false,"inline_featured_image":false,"footnotes":""},"categories":[10,54],"tags":[],"class_list":["post-729","post","type-post","status-publish","format-standard","has-post-thumbnail","hentry","category-imprensa","category-lucy-na-midia"],"acf":[],"_links":{"self":[{"href":"https:\/\/redelucymontoro.org.br\/site\/wp-json\/wp\/v2\/posts\/729","targetHints":{"allow":["GET"]}}],"collection":[{"href":"https:\/\/redelucymontoro.org.br\/site\/wp-json\/wp\/v2\/posts"}],"about":[{"href":"https:\/\/redelucymontoro.org.br\/site\/wp-json\/wp\/v2\/types\/post"}],"author":[{"embeddable":true,"href":"https:\/\/redelucymontoro.org.br\/site\/wp-json\/wp\/v2\/users\/2"}],"replies":[{"embeddable":true,"href":"https:\/\/redelucymontoro.org.br\/site\/wp-json\/wp\/v2\/comments?post=729"}],"version-history":[{"count":1,"href":"https:\/\/redelucymontoro.org.br\/site\/wp-json\/wp\/v2\/posts\/729\/revisions"}],"predecessor-version":[{"id":12438,"href":"https:\/\/redelucymontoro.org.br\/site\/wp-json\/wp\/v2\/posts\/729\/revisions\/12438"}],"wp:featuredmedia":[{"embeddable":true,"href":"https:\/\/redelucymontoro.org.br\/site\/wp-json\/wp\/v2\/media\/728"}],"wp:attachment":[{"href":"https:\/\/redelucymontoro.org.br\/site\/wp-json\/wp\/v2\/media?parent=729"}],"wp:term":[{"taxonomy":"category","embeddable":true,"href":"https:\/\/redelucymontoro.org.br\/site\/wp-json\/wp\/v2\/categories?post=729"},{"taxonomy":"post_tag","embeddable":true,"href":"https:\/\/redelucymontoro.org.br\/site\/wp-json\/wp\/v2\/tags?post=729"}],"curies":[{"name":"wp","href":"https:\/\/api.w.org\/{rel}","templated":true}]}}