{"id":727,"date":"2017-08-15T19:26:27","date_gmt":"2017-08-15T19:26:27","guid":{"rendered":"https:\/\/situati.net.br\/new\/rock-n-roll-castelo-ra-tim-bum-e-emocao-no-dia-dos-pais-da-rede-lucy\/"},"modified":"2024-04-02T21:21:06","modified_gmt":"2024-04-03T00:21:06","slug":"rock-n-roll-castelo-ra-tim-bum-e-emocao-no-dia-dos-pais-da-rede-lucy","status":"publish","type":"post","link":"https:\/\/redelucymontoro.org.br\/site\/rock-n-roll-castelo-ra-tim-bum-e-emocao-no-dia-dos-pais-da-rede-lucy\/","title":{"rendered":"Rock&#8217;n&#8217;roll, Castelo R\u00e1-Tim-Bum e emo\u00e7\u00e3o no Dia dos Pais da Rede Lucy"},"content":{"rendered":"<p>Os institutos da capital paulista tiveram um m\u00eas dos Pais marcado por grandes emo\u00e7\u00f5es. Para homenagear os pais pacientes e cuidadores, o artista Flavio Serafim Barbosa realizou shows como Elvis Presley cover, nos quais apresentou m\u00fasicas do astro, desde os seus ritmos mais agitados at\u00e9 a sua fase mais rom\u00e2ntica.<\/p>\n<p><!--more--><\/p>\n<p>\u201cVim homenagear o Rei Elvis Presley, mas a minha homenagem maior \u00e9 para voc\u00eas\u201d, confessou o cantor aos pacientes, em todas as unidades por quais passou. Para muitos deles, a apresenta\u00e7\u00e3o resgatou sentimentos vividos em outras \u00e9pocas. \u201cFoi emocionante poder participar, o Elvis me fez chorar\u201d, declarou a paciente Adriana Almeida Lopes, do Morumbi. <\/p>\n<p><strong>Caf\u00e9 com m\u00fasica<\/strong><br \/>No IMREA Vila Mariana, as volunt\u00e1rias da AVOHC (Associa\u00e7\u00e3o das Volunt\u00e1rias do Hospital das Cl\u00ednicas) organizaram, junto do Servi\u00e7o de Hotelaria, um caf\u00e9 da tarde para a Interna\u00e7\u00e3o, que tamb\u00e9m assistiu \u00e0 exibi\u00e7\u00e3o do coral Canto Nani Barbosa. Os pacientes, ainda, receberam uma lembran\u00e7a das volunt\u00e1rias ao t\u00e9rmino da atividade. O coral Canto Nani Barbosa tamb\u00e9m presenteou com algumas can\u00e7\u00f5es o p\u00fablico do Ambulat\u00f3rio e os colaboradores da Vila Mariana.<\/p>\n<p><strong>Concurso<\/strong><br \/>Para comemorar a data com os colaboradores, o Centro de Comunica\u00e7\u00e3o Institucional promoveu um concurso, entre as unidades, das melhores hist\u00f3rias vividas com os pais ou com os filhos. Os colaboradores que contaram as melhores hist\u00f3rias ganharam um par de ingressos para prestigiarem a exposi\u00e7\u00e3o do Castelo R\u00e1 Tim Bum no Memorial da Am\u00e9rica Latina.<\/p>\n<p>\u201cQuis participar pois sempre tive vontade de conhecer a exposi\u00e7\u00e3o do Castelo R\u00e1 Tim Bum e vi uma grande oportunidade de tentar contar uma hist\u00f3ria legal que pudesse ao mesmo tempo homenagear meu pai e que talvez me levasse at\u00e9 o Castelo\u201d, finaliza uma das ganhadoras, Tatiana Tuacek do Servi\u00e7o de Terapia Ocupacional da Vila Mariana<\/p>\n<p><strong>Atividade terap\u00eautica<\/strong><br \/>Organizada pela equipe multidisciplinar no IMREA Morumbi, a atividade terap\u00eautica especial para a data conseguiu reunir diversos pais das crian\u00e7as em reabilita\u00e7\u00e3o do Ambulat\u00f3rio Infantil para momentos muito agrad\u00e1veis. Entre eles, os pais experimentaram esportes adaptados, com a bocha, e tiveram um momento de ainda mais integra\u00e7\u00e3o com seus filhos.<\/p>\n<p><img fetchpriority=\"high\" decoding=\"async\" class=\" size-full wp-image-723\" src=\"https:\/\/redelucymontoro.org.br\/site\/wp-content\/uploads\/2017\/08\/Elvis-49b.jpg\" alt=\"Elvis\" width=\"500\" height=\"375\" \/><\/p>\n<p><em>Elvis reverencia o p\u00fablico no IMREA Lapa<\/em><\/p>\n<p><img decoding=\"async\" class=\" size-full wp-image-724\" src=\"https:\/\/redelucymontoro.org.br\/site\/wp-content\/uploads\/2017\/08\/Elvis1-f26.jpg\" alt=\"Elvis1\" width=\"500\" height=\"375\" \/><\/p>\n<p><em>Apresenta\u00e7\u00e3o do Elvis Presley Cover no IMREA Vila Mariana<\/em><\/p>\n<p><img decoding=\"async\" class=\" size-full wp-image-725\" src=\"https:\/\/redelucymontoro.org.br\/site\/wp-content\/uploads\/2017\/08\/Dia_dos_Pais-4bc.jpg\" alt=\"Dia dos Pais\" width=\"500\" height=\"375\" \/><\/p>\n<p><em>O grupo Coral Canto Nani Barbosa<\/em><\/p>\n<p><img loading=\"lazy\" decoding=\"async\" class=\" size-full wp-image-726\" src=\"https:\/\/redelucymontoro.org.br\/site\/wp-content\/uploads\/2017\/08\/DiadosPais2-d23.jpg\" alt=\"DiadosPais2\" width=\"500\" height=\"375\" \/><\/p>\n<p><em>Atividade Terap\u00eautica no IMREA Morumbi<\/em><\/p>\n<p>Veja todas as imagens na galeria abaixo:<\/p>\n<p><object data=\"https:\/\/www.flickr.com\/apps\/slideshow\/show.swf?v=261948265\" width=\"400\" height=\"300\"><param name=\"flashvars\" value=\"offsite=true&amp;lang=pt-br&amp;page_show_url=%2Fphotos%2F144939594%40N02%2Fsets%2F72157685157233434%2Fshow%2F&amp;page_show_back_url=%2Fphotos%2F144939594%40N02%2Fsets%2F72157685157233434%2F&amp;set_id=72157685157233434&amp;jump_to=\" \/><param name=\"movie\" value=\"https:\/\/www.flickr.com\/apps\/slideshow\/show.swf?v=261948265\" \/><param name=\"allowFullScreen\" value=\"true\" \/><embed src=\"https:\/\/www.flickr.com\/apps\/slideshow\/show.swf?v=261948265\" type=\"application\/x-shockwave-flash\" width=\"400\" height=\"300\" allowfullscreen=\"allowfullscreen\" flashvars=\"offsite=true&amp;lang=pt-br&amp;page_show_url=%2Fphotos%2F144939594%40N02%2Fsets%2F72157685157233434%2Fshow%2F&amp;page_show_back_url=%2Fphotos%2F144939594%40N02%2Fsets%2F72157685157233434%2F&amp;set_id=72157685157233434&amp;jump_to=\" movie=\"https:\/\/www.flickr.com\/apps\/slideshow\/show.swf?v=261948265\" allowFullScreen=\"true\"><\/embed><\/object><\/p>\n","protected":false},"excerpt":{"rendered":"","protected":false},"author":2,"featured_media":723,"comment_status":"closed","ping_status":"closed","sticky":false,"template":"","format":"standard","meta":{"_acf_changed":false,"inline_featured_image":false,"footnotes":""},"categories":[9],"tags":[],"class_list":["post-727","post","type-post","status-publish","format-standard","has-post-thumbnail","hentry","category-noticias"],"acf":[],"_links":{"self":[{"href":"https:\/\/redelucymontoro.org.br\/site\/wp-json\/wp\/v2\/posts\/727","targetHints":{"allow":["GET"]}}],"collection":[{"href":"https:\/\/redelucymontoro.org.br\/site\/wp-json\/wp\/v2\/posts"}],"about":[{"href":"https:\/\/redelucymontoro.org.br\/site\/wp-json\/wp\/v2\/types\/post"}],"author":[{"embeddable":true,"href":"https:\/\/redelucymontoro.org.br\/site\/wp-json\/wp\/v2\/users\/2"}],"replies":[{"embeddable":true,"href":"https:\/\/redelucymontoro.org.br\/site\/wp-json\/wp\/v2\/comments?post=727"}],"version-history":[{"count":0,"href":"https:\/\/redelucymontoro.org.br\/site\/wp-json\/wp\/v2\/posts\/727\/revisions"}],"wp:featuredmedia":[{"embeddable":true,"href":"https:\/\/redelucymontoro.org.br\/site\/wp-json\/wp\/v2\/media\/723"}],"wp:attachment":[{"href":"https:\/\/redelucymontoro.org.br\/site\/wp-json\/wp\/v2\/media?parent=727"}],"wp:term":[{"taxonomy":"category","embeddable":true,"href":"https:\/\/redelucymontoro.org.br\/site\/wp-json\/wp\/v2\/categories?post=727"},{"taxonomy":"post_tag","embeddable":true,"href":"https:\/\/redelucymontoro.org.br\/site\/wp-json\/wp\/v2\/tags?post=727"}],"curies":[{"name":"wp","href":"https:\/\/api.w.org\/{rel}","templated":true}]}}