{"id":722,"date":"2017-08-14T12:49:35","date_gmt":"2017-08-14T12:49:35","guid":{"rendered":"https:\/\/situati.net.br\/new\/em-genebra-na-suica-imrea-participa-de-conferencia-da-oms-sobre-pesquisa-e-inovacao\/"},"modified":"2024-04-02T21:21:06","modified_gmt":"2024-04-03T00:21:06","slug":"em-genebra-na-suica-imrea-participa-de-conferencia-da-oms-sobre-pesquisa-e-inovacao","status":"publish","type":"post","link":"https:\/\/redelucymontoro.org.br\/site\/em-genebra-na-suica-imrea-participa-de-conferencia-da-oms-sobre-pesquisa-e-inovacao\/","title":{"rendered":"Em Genebra, na Su\u00ed\u00e7a, IMREA participa de confer\u00eancia da OMS sobre pesquisa e inova\u00e7\u00e3o"},"content":{"rendered":"<p>Entre 3 e 4 de agosto, o IMREA esteve presente na primeira <em>Confer\u00eancia Global sobre Pesquisa, Inova\u00e7\u00e3o e Capacita\u00e7\u00e3o em Tecnologias Assistivas da Organiza\u00e7\u00e3o Mundial da Sa\u00fade<\/em> (<a href=\"http:\/\/www.who.int\/phi\/implementation\/assistive_technology\/great_summit\/en\/\" target=\"_blank\" rel=\"noopener\">Global Research, Innovation, and Education in Assistive Technology Summit<\/a>), realizada na sede da Organiza\u00e7\u00e3o, em Genebra, Su\u00ed\u00e7a.<\/p>\n<p><!--more--><\/p>\n<p>A confer\u00eancia reuniu aproximadamente 200 especialistas e usu\u00e1rios de todo o mundo, das mais variadas \u00e1reas do conhecimento, cuja atua\u00e7\u00e3o possui alguma interface com as tecnologias assistivas e seus v\u00e1rios dom\u00ednios funcionais (mobilidade, vis\u00e3o, audi\u00e7\u00e3o, cogni\u00e7\u00e3o, comunica\u00e7\u00e3o e ambiente).<\/p>\n<p> Na oportunidade, a Profa. Dra. Linamara Rizzo Battistella, Professora Titular da FMUSP e Presidente do Conselho Diretor do IMREA, al\u00e9m de membro do Comit\u00ea Organizador da confer\u00eancia, foi respons\u00e1vel por moderar um painel de especialistas sobre o tema \u201cPresta\u00e7\u00e3o de Servi\u00e7os: Perspectivas Nacionais\u201d, que reuniu representantes do Malaui, Equador, China, Qatar e Noruega.<\/p>\n<p> Al\u00e9m dos palestrantes convidados, foram apresentados 90 trabalhos de cerca de 60 pa\u00edses diferentes, dentre eles o Brasil, que foi representado por tr\u00eas projetos desenvolvidos pelo IMREA. Os trabalhos estavam relacionados ao aux\u00edlio \u00e0 mobilidade ap\u00f3s a hemicorporectomia, \u00e0s taxas e \u00e0s raz\u00f5es para o abandono de produtos assitivos por seus usu\u00e1rios, e \u00e0 capacita\u00e7\u00e3o de m\u00e9dicos e terapeutas para a forma\u00e7\u00e3o de ambulat\u00f3rios de cadeiras de rodas.<\/p>\n<p><span style=\"font-size: 11pt; line-height: 107%; font-family: Calibri, sans-serif;\">As discuss\u00f5es se concentraram nos seguintes temas de pesquisa e de atua\u00e7\u00e3o da Coopera\u00e7\u00e3o Global pelas Tecnologias Assistivas: Produtos Assistivos; Pol\u00edticas, Programas e Sistemas de Provis\u00e3o de Tecnologias Assistivas; Usu\u00e1rios de Produtos Assistivos; Forma\u00e7\u00e3o Profissional e Pesquisa.<\/span><\/p>\n<p><img fetchpriority=\"high\" decoding=\"async\" src=\"images\/Confer\u00eanciaGenebra.jpg\" alt=\"Confer\u00eanciaGenebra\" width=\"668\" height=\"346\" \/><\/p>\n","protected":false},"excerpt":{"rendered":"","protected":false},"author":2,"featured_media":0,"comment_status":"closed","ping_status":"closed","sticky":false,"template":"","format":"standard","meta":{"_acf_changed":false,"inline_featured_image":false,"footnotes":""},"categories":[9],"tags":[],"class_list":["post-722","post","type-post","status-publish","format-standard","hentry","category-noticias"],"acf":[],"_links":{"self":[{"href":"https:\/\/redelucymontoro.org.br\/site\/wp-json\/wp\/v2\/posts\/722","targetHints":{"allow":["GET"]}}],"collection":[{"href":"https:\/\/redelucymontoro.org.br\/site\/wp-json\/wp\/v2\/posts"}],"about":[{"href":"https:\/\/redelucymontoro.org.br\/site\/wp-json\/wp\/v2\/types\/post"}],"author":[{"embeddable":true,"href":"https:\/\/redelucymontoro.org.br\/site\/wp-json\/wp\/v2\/users\/2"}],"replies":[{"embeddable":true,"href":"https:\/\/redelucymontoro.org.br\/site\/wp-json\/wp\/v2\/comments?post=722"}],"version-history":[{"count":0,"href":"https:\/\/redelucymontoro.org.br\/site\/wp-json\/wp\/v2\/posts\/722\/revisions"}],"wp:attachment":[{"href":"https:\/\/redelucymontoro.org.br\/site\/wp-json\/wp\/v2\/media?parent=722"}],"wp:term":[{"taxonomy":"category","embeddable":true,"href":"https:\/\/redelucymontoro.org.br\/site\/wp-json\/wp\/v2\/categories?post=722"},{"taxonomy":"post_tag","embeddable":true,"href":"https:\/\/redelucymontoro.org.br\/site\/wp-json\/wp\/v2\/tags?post=722"}],"curies":[{"name":"wp","href":"https:\/\/api.w.org\/{rel}","templated":true}]}}