{"id":718,"date":"2017-08-10T18:25:58","date_gmt":"2017-08-10T18:25:58","guid":{"rendered":"https:\/\/situati.net.br\/new\/voce-conhece-o-dani10-conheca-o-paciente-da-rede-lucy-rumo-a-selecao\/"},"modified":"2024-04-02T21:21:06","modified_gmt":"2024-04-03T00:21:06","slug":"voce-conhece-o-dani10-conheca-o-paciente-da-rede-lucy-rumo-a-selecao","status":"publish","type":"post","link":"https:\/\/redelucymontoro.org.br\/site\/voce-conhece-o-dani10-conheca-o-paciente-da-rede-lucy-rumo-a-selecao\/","title":{"rendered":"Voc\u00ea conhece o #Dani10? Conhe\u00e7a o paciente da Rede Lucy rumo \u00e0 sele\u00e7\u00e3o!"},"content":{"rendered":"<p>Daniel Nunes de Oliveira \u00e9 um paciente da Rede Lucy Montoro que defende a camisa da Sele\u00e7\u00e3o Brasileira. Uau! Aos 12 anos, o jovem teve a perna direita amputada em um acidente de moto e achou que nunca mais voltaria a jogar bola. O resto da hist\u00f3ria? Acompanhe no v\u00eddeo abaixo!<\/p>\n<p><iframe src=\"https:\/\/www.youtube.com\/embed\/qiSTNLmYFCM\" frameborder=\"0\" width=\"920\" height=\"500\" allowfullscreen=\"allowfullscreen\"><\/iframe><\/p>\n","protected":false},"excerpt":{"rendered":"","protected":false},"author":2,"featured_media":0,"comment_status":"closed","ping_status":"closed","sticky":false,"template":"","format":"standard","meta":{"_acf_changed":false,"inline_featured_image":false,"footnotes":""},"categories":[54],"tags":[],"class_list":["post-718","post","type-post","status-publish","format-standard","hentry","category-lucy-na-midia"],"acf":[],"_links":{"self":[{"href":"https:\/\/redelucymontoro.org.br\/site\/wp-json\/wp\/v2\/posts\/718","targetHints":{"allow":["GET"]}}],"collection":[{"href":"https:\/\/redelucymontoro.org.br\/site\/wp-json\/wp\/v2\/posts"}],"about":[{"href":"https:\/\/redelucymontoro.org.br\/site\/wp-json\/wp\/v2\/types\/post"}],"author":[{"embeddable":true,"href":"https:\/\/redelucymontoro.org.br\/site\/wp-json\/wp\/v2\/users\/2"}],"replies":[{"embeddable":true,"href":"https:\/\/redelucymontoro.org.br\/site\/wp-json\/wp\/v2\/comments?post=718"}],"version-history":[{"count":0,"href":"https:\/\/redelucymontoro.org.br\/site\/wp-json\/wp\/v2\/posts\/718\/revisions"}],"wp:attachment":[{"href":"https:\/\/redelucymontoro.org.br\/site\/wp-json\/wp\/v2\/media?parent=718"}],"wp:term":[{"taxonomy":"category","embeddable":true,"href":"https:\/\/redelucymontoro.org.br\/site\/wp-json\/wp\/v2\/categories?post=718"},{"taxonomy":"post_tag","embeddable":true,"href":"https:\/\/redelucymontoro.org.br\/site\/wp-json\/wp\/v2\/tags?post=718"}],"curies":[{"name":"wp","href":"https:\/\/api.w.org\/{rel}","templated":true}]}}