{"id":715,"date":"2017-08-04T17:40:06","date_gmt":"2017-08-04T17:40:06","guid":{"rendered":"https:\/\/situati.net.br\/new\/sigilo-e-confidencialidade-de-pacientes-e-tema-de-palestra-no-imrea\/"},"modified":"2024-04-02T21:21:06","modified_gmt":"2024-04-03T00:21:06","slug":"sigilo-e-confidencialidade-de-pacientes-e-tema-de-palestra-no-imrea","status":"publish","type":"post","link":"https:\/\/redelucymontoro.org.br\/site\/sigilo-e-confidencialidade-de-pacientes-e-tema-de-palestra-no-imrea\/","title":{"rendered":"Palestrante traz debate sobre sigilo e confidencialidade ao IMREA"},"content":{"rendered":"<p>Em 27 de julho, a integrante&nbsp;da Comiss\u00e3o de Bio\u00e9tica do HCFMUSP&nbsp;Dra. Maria Garcia trouxe ao IMREA uma palestra sobre o sigilo e a confidencialidade das informa\u00e7\u00f5es que se referem ao paciente e ao seu processo de reabilita\u00e7\u00e3o.<\/p>\n<p><!--more--><\/p>\n<p>Citando casos recentes, Maria, que tamb\u00e9m \u00e9 professora de Direito Constitucional, Educacional e Biodireito da PUC, explicou cada uma das diretrizes da Bio\u00e9tica, que visam, segundo a docente \u201cproteger a dignidade da pessoa humana.\u201d<\/p>\n<p>De acordo com a apresenta\u00e7\u00e3o, ao lidar com situa\u00e7\u00f5es em que h\u00e1 conflitos de interesse durante o atendimento \u00e0 sa\u00fade, deve-se considerar conceitos como a autonomia do paciente, ou seja, a sua pr\u00f3pria escolha; a benefic\u00eancia, ou o que \u00e9 melhor para sua sa\u00fade e integridade; a justi\u00e7a, ou seja, a distribui\u00e7\u00e3o igual de benef\u00edcios e obriga\u00e7\u00f5es; e a n\u00e3o malefic\u00eancia, ou seja, n\u00e3o infligir dano ao paciente nem a outra parte. \u201cA bio\u00e9tica \u00e9 casu\u00edsta\u201d, ou seja, cada caso demanda uma avalia\u00e7\u00e3o individual, de acordo com a especialista, \u201cMas os princ\u00edpios s\u00e3o norteadores e devem ser considerados sempre em conjunto, conciliados.\u201d<\/p>\n<p>Para Maria, a introdu\u00e7\u00e3o desses conceitos no cotidiano do atendimento se faz com o estudo constante do colaborador e conhecimento dos respectivos c\u00f3digos de \u00e9tica. \u201cO profissional deve seguir a \u00e9tica como par\u00e2metro mas procurar sempre se aperfei\u00e7oar. E a institui\u00e7\u00e3o pode proporcionar essa educa\u00e7\u00e3o continuada\u201d, salientou a professora. Na imagem abaixo, Dra. Maria Garcia aparece ao lado da Coordenadora do Servi\u00e7o de Aten\u00e7\u00e3o ao Usu\u00e1rio, J\u00fania Galv\u00e3o, e o Diretor Administrativo do Instituto de Reabilita\u00e7\u00e3o Lucy Montoro, Dr. F\u00e1bio Pacheco.<\/p>\n<p><img fetchpriority=\"high\" decoding=\"async\" class=\" size-full wp-image-714\" src=\"https:\/\/redelucymontoro.org.br\/site\/wp-content\/uploads\/2017\/08\/SigiloeConfidencialidade-c00.jpg\" alt=\"SigiloeConfidencialidade\" width=\"500\" height=\"375\" \/><\/p>\n","protected":false},"excerpt":{"rendered":"","protected":false},"author":2,"featured_media":714,"comment_status":"closed","ping_status":"closed","sticky":false,"template":"","format":"standard","meta":{"_acf_changed":false,"inline_featured_image":false,"footnotes":""},"categories":[9],"tags":[],"class_list":["post-715","post","type-post","status-publish","format-standard","has-post-thumbnail","hentry","category-noticias"],"acf":[],"_links":{"self":[{"href":"https:\/\/redelucymontoro.org.br\/site\/wp-json\/wp\/v2\/posts\/715","targetHints":{"allow":["GET"]}}],"collection":[{"href":"https:\/\/redelucymontoro.org.br\/site\/wp-json\/wp\/v2\/posts"}],"about":[{"href":"https:\/\/redelucymontoro.org.br\/site\/wp-json\/wp\/v2\/types\/post"}],"author":[{"embeddable":true,"href":"https:\/\/redelucymontoro.org.br\/site\/wp-json\/wp\/v2\/users\/2"}],"replies":[{"embeddable":true,"href":"https:\/\/redelucymontoro.org.br\/site\/wp-json\/wp\/v2\/comments?post=715"}],"version-history":[{"count":0,"href":"https:\/\/redelucymontoro.org.br\/site\/wp-json\/wp\/v2\/posts\/715\/revisions"}],"wp:featuredmedia":[{"embeddable":true,"href":"https:\/\/redelucymontoro.org.br\/site\/wp-json\/wp\/v2\/media\/714"}],"wp:attachment":[{"href":"https:\/\/redelucymontoro.org.br\/site\/wp-json\/wp\/v2\/media?parent=715"}],"wp:term":[{"taxonomy":"category","embeddable":true,"href":"https:\/\/redelucymontoro.org.br\/site\/wp-json\/wp\/v2\/categories?post=715"},{"taxonomy":"post_tag","embeddable":true,"href":"https:\/\/redelucymontoro.org.br\/site\/wp-json\/wp\/v2\/tags?post=715"}],"curies":[{"name":"wp","href":"https:\/\/api.w.org\/{rel}","templated":true}]}}