{"id":604,"date":"2017-05-18T20:21:48","date_gmt":"2017-05-18T20:21:48","guid":{"rendered":"https:\/\/situati.net.br\/new\/voce-sabe-o-que-e-visagismo-conheca-a-atividade-e-participe-das-palestras\/"},"modified":"2024-04-02T21:21:20","modified_gmt":"2024-04-03T00:21:20","slug":"voce-sabe-o-que-e-visagismo-conheca-a-atividade-e-participe-das-palestras","status":"publish","type":"post","link":"https:\/\/redelucymontoro.org.br\/site\/voce-sabe-o-que-e-visagismo-conheca-a-atividade-e-participe-das-palestras\/","title":{"rendered":"Voc\u00ea sabe o que \u00e9 Visagismo? Conhe\u00e7a a atividade!"},"content":{"rendered":"<p>Visagismo \u00e9 a arte de criar uma imagem pessoal que revela as qualidades interiores de uma pessoa, de acordo com suas caracter\u00edsticas f\u00edsicas e os princ\u00edpios da linguagem visual, como a harmonia e a est\u00e9tica. A arte \u00e9 praticada por meio de maquilagem, corte, colora\u00e7\u00e3o, penteado no cabelo, e entre outros recursos.<\/p>\n<p><!--more--><\/p>\n<p>Em homenagem ao m\u00eas das M\u00e3es, o IMREA convida as pacientes, cuidadoras e colaboradores assistenciais para um bate-papo sobre: \u201cVisagismo na valoriza\u00e7\u00e3o da imagem e da beleza feminina\u201d, com o convidado, Celso Lumi \u2013 visagista, maquiador e cabelereiro da ag\u00eancia Vide Model Brasil.<\/p>\n<p>O objetivo da atividade ser\u00e1 resgatar a autoestima das pacientes e contribuir com o processo de p\u00f3s reabilita\u00e7\u00e3o, na inclus\u00e3o social e na inclus\u00e3o familiar, al\u00e9m de promover momentos de descontra\u00e7\u00e3o e interatividade.<\/p>\n<p>Confira abaixo a programa\u00e7\u00e3o das unidades e participe das palestras:<\/p>\n<p>Unidade Morumbi<br \/>22\/maio \u2013 Segunda-feira<br \/>Local: Audit\u00f3rio Satiko Imamura<br \/>Hor\u00e1rio: 11h<\/p>\n<p>Unidade Umarizal <br \/>22\/maio \u2013 Segunda-feira<br \/>Local: Audit\u00f3rio<br \/>Hor\u00e1rio: 14h<\/p>\n<p>Unidade Lapa<br \/>23\/maio \u2013 Ter\u00e7a-feira<br \/>Local: Audit\u00f3rio<br \/>Hor\u00e1rio: 14h<\/p>\n<p>Unidade Vila Mariana<br \/>29\/maio \u2013 Segunda-feira<br \/>Local: Audit\u00f3rio do bloco 3<br \/>Hor\u00e1rio: 10h<\/p>\n<p>&nbsp;<\/p>\n","protected":false},"excerpt":{"rendered":"","protected":false},"author":3,"featured_media":0,"comment_status":"closed","ping_status":"closed","sticky":false,"template":"","format":"standard","meta":{"_acf_changed":false,"inline_featured_image":false,"footnotes":""},"categories":[9],"tags":[],"class_list":["post-604","post","type-post","status-publish","format-standard","hentry","category-noticias"],"acf":[],"_links":{"self":[{"href":"https:\/\/redelucymontoro.org.br\/site\/wp-json\/wp\/v2\/posts\/604","targetHints":{"allow":["GET"]}}],"collection":[{"href":"https:\/\/redelucymontoro.org.br\/site\/wp-json\/wp\/v2\/posts"}],"about":[{"href":"https:\/\/redelucymontoro.org.br\/site\/wp-json\/wp\/v2\/types\/post"}],"author":[{"embeddable":true,"href":"https:\/\/redelucymontoro.org.br\/site\/wp-json\/wp\/v2\/users\/3"}],"replies":[{"embeddable":true,"href":"https:\/\/redelucymontoro.org.br\/site\/wp-json\/wp\/v2\/comments?post=604"}],"version-history":[{"count":0,"href":"https:\/\/redelucymontoro.org.br\/site\/wp-json\/wp\/v2\/posts\/604\/revisions"}],"wp:attachment":[{"href":"https:\/\/redelucymontoro.org.br\/site\/wp-json\/wp\/v2\/media?parent=604"}],"wp:term":[{"taxonomy":"category","embeddable":true,"href":"https:\/\/redelucymontoro.org.br\/site\/wp-json\/wp\/v2\/categories?post=604"},{"taxonomy":"post_tag","embeddable":true,"href":"https:\/\/redelucymontoro.org.br\/site\/wp-json\/wp\/v2\/tags?post=604"}],"curies":[{"name":"wp","href":"https:\/\/api.w.org\/{rel}","templated":true}]}}