{"id":433,"date":"2016-09-05T14:30:41","date_gmt":"2016-09-05T14:30:41","guid":{"rendered":"https:\/\/situati.net.br\/new\/alunos-de-oficina-terapeutica-da-rede-lucy-montoro-fazem-avaliacao-para-trabalho-como-artesao\/"},"modified":"2024-04-02T21:21:31","modified_gmt":"2024-04-03T00:21:31","slug":"alunos-de-oficina-terapeutica-da-rede-lucy-montoro-fazem-avaliacao-para-trabalho-como-artesao","status":"publish","type":"post","link":"https:\/\/redelucymontoro.org.br\/site\/alunos-de-oficina-terapeutica-da-rede-lucy-montoro-fazem-avaliacao-para-trabalho-como-artesao\/","title":{"rendered":"Alunos de oficina terap\u00eautica da Rede Lucy Montoro fazem avalia\u00e7\u00e3o para trabalho como artes\u00e3o"},"content":{"rendered":"<p>No dia 29 de agosto, mais de trinta alunos das oficinas terap\u00eauticas do Instituto de Medicina F\u00edsica e Reabilita\u00e7\u00e3o (IMREA) Lapa foram avaliados pela Sutaco, que \u00e9 a Subsecretaria do Trabalho Artesanal nas Comunidades do Estado de S\u00e3o Paulo.<\/p>\n<p><!--more--><\/p>\n<p>A avalia\u00e7\u00e3o servir\u00e1 para emiss\u00e3o de Carteiras para o trabalho como artes\u00e3o. A qualifica\u00e7\u00e3o n\u00e3o poderia ser mais importante para os alunos da Oficina de Cartonagem e Reciclagem, relacionada ao Servi\u00e7o de Psicologia da Rede de Reabilita\u00e7\u00e3o Lucy Montoro, como explica sua instrutora, Jacqueline F\u00e1tima Sim\u00f5es. \u201cEu observei que, com a parceria com a Sutaco, haveria a possibilidade de profissionalizar a atividade\u201d, explica. \u201cA Carteira de Artes\u00e3o \u00e9 uma identidade, um selo de garantia. O artes\u00e3o passa a ter seu selo\u201d.<\/p>\n<p>Durante a prova, cada aluno produziu caixas, cadernos, blocos de anota\u00e7\u00e3o e outros objetos decorados, com aplica\u00e7\u00e3o da t\u00e9cnica aprendida na oficina. Com as carteiras, os alunos ter\u00e3o licen\u00e7a para vender seus materiais em feiras, por exemplo.<\/p>\n<p> \u201cJ\u00e1 exponho em alguns lugares e a carteira ser\u00e1 um comprovante de que sou artes\u00e3\u201d, diz Andr\u00e9ia Domingues Cardoso, que faz Cartonagem no IMREA h\u00e1 dois anos. \u201cVender algumas pe\u00e7as minhas me ajuda financeiramente. Al\u00e9m disso, para mim, essa oficina \u00e9 relaxamento, distra\u00e7\u00e3o, conv\u00edvio e amizades, o que \u00e9 muito importante\u201d, conta a aluna que \u00e9 cadeirante.<\/p>\n<p>Para facilitar o acesso desses alunos, a maioria com defici\u00eancia, a Sutaco, subordinada \u00e0 Secretaria de Desenvolvimento Econ\u00f4mico, Ci\u00eancia, Tecnologia e Inova\u00e7\u00e3o do Estado, envia seus avaliadores at\u00e9 o IMREA. \u201cA miss\u00e3o \u00e9 fomentar o artesanato. No caso desses alunos da Cartonagem, h\u00e1 um impedimento deles virem at\u00e9 a gente, ent\u00e3o n\u00f3s viemos at\u00e9 eles\u201d, exp\u00f5e a avaliadora Janice de Paula.<\/p>\n<p>Tamb\u00e9m fizeram os testes alunos da Oficina de Tecelagem, do Servi\u00e7o de Terapia Ocupacional da Rede Lucy Montoro, e professores de outras oficinas. A entrega da carteira de artes\u00e3o contar\u00e1 com palestras sobre empreendedorismo, livres para a participa\u00e7\u00e3o de toda a comunidade IMREA Lapa.<\/p>\n<p><object data=\"https:\/\/www.flickr.com\/apps\/slideshow\/show.swf?v=261948265\" width=\"400\" height=\"300\"><param name=\"flashvars\" value=\"offsite=true&amp;lang=pt-br&amp;page_show_url=%2Fphotos%2F144939594%40N02%2Fsets%2F72157671970915280%2Fshow%2F&amp;page_show_back_url=%2Fphotos%2F144939594%40N02%2Fsets%2F72157671970915280%2F&amp;set_id=72157671970915280&amp;jump_to=\" \/><param name=\"movie\" value=\"https:\/\/www.flickr.com\/apps\/slideshow\/show.swf?v=261948265\" \/><param name=\"allowFullScreen\" value=\"true\" \/><embed src=\"https:\/\/www.flickr.com\/apps\/slideshow\/show.swf?v=261948265\" type=\"application\/x-shockwave-flash\" width=\"400\" height=\"300\" allowfullscreen=\"allowfullscreen\" flashvars=\"offsite=true&amp;lang=pt-br&amp;page_show_url=%2Fphotos%2F144939594%40N02%2Fsets%2F72157671970915280%2Fshow%2F&amp;page_show_back_url=%2Fphotos%2F144939594%40N02%2Fsets%2F72157671970915280%2F&amp;set_id=72157671970915280&amp;jump_to=\" movie=\"https:\/\/www.flickr.com\/apps\/slideshow\/show.swf?v=261948265\" allowFullScreen=\"true\"><\/embed><\/object><\/p>\n","protected":false},"excerpt":{"rendered":"","protected":false},"author":2,"featured_media":0,"comment_status":"closed","ping_status":"closed","sticky":false,"template":"","format":"standard","meta":{"_acf_changed":false,"inline_featured_image":false,"footnotes":""},"categories":[9],"tags":[],"class_list":["post-433","post","type-post","status-publish","format-standard","hentry","category-noticias"],"acf":[],"_links":{"self":[{"href":"https:\/\/redelucymontoro.org.br\/site\/wp-json\/wp\/v2\/posts\/433","targetHints":{"allow":["GET"]}}],"collection":[{"href":"https:\/\/redelucymontoro.org.br\/site\/wp-json\/wp\/v2\/posts"}],"about":[{"href":"https:\/\/redelucymontoro.org.br\/site\/wp-json\/wp\/v2\/types\/post"}],"author":[{"embeddable":true,"href":"https:\/\/redelucymontoro.org.br\/site\/wp-json\/wp\/v2\/users\/2"}],"replies":[{"embeddable":true,"href":"https:\/\/redelucymontoro.org.br\/site\/wp-json\/wp\/v2\/comments?post=433"}],"version-history":[{"count":0,"href":"https:\/\/redelucymontoro.org.br\/site\/wp-json\/wp\/v2\/posts\/433\/revisions"}],"wp:attachment":[{"href":"https:\/\/redelucymontoro.org.br\/site\/wp-json\/wp\/v2\/media?parent=433"}],"wp:term":[{"taxonomy":"category","embeddable":true,"href":"https:\/\/redelucymontoro.org.br\/site\/wp-json\/wp\/v2\/categories?post=433"},{"taxonomy":"post_tag","embeddable":true,"href":"https:\/\/redelucymontoro.org.br\/site\/wp-json\/wp\/v2\/tags?post=433"}],"curies":[{"name":"wp","href":"https:\/\/api.w.org\/{rel}","templated":true}]}}