{"id":427,"date":"2016-09-01T15:23:17","date_gmt":"2016-09-01T15:23:17","guid":{"rendered":"https:\/\/situati.net.br\/new\/ceo-da-hocoma-visita-unidade-da-rede-lucy-montoro\/"},"modified":"2024-04-02T21:21:31","modified_gmt":"2024-04-03T00:21:31","slug":"ceo-da-hocoma-visita-unidade-da-rede-lucy-montoro","status":"publish","type":"post","link":"https:\/\/redelucymontoro.org.br\/site\/ceo-da-hocoma-visita-unidade-da-rede-lucy-montoro\/","title":{"rendered":"Representante da Hocoma visita unidade da Rede Lucy Montoro"},"content":{"rendered":"<p>No dia 30 de agosto, o IMREA Vila Mariana recebeu o Gerente Geral da Hocoma na Am\u00e9rica Latina, Andr\u00e9s Bataszew, acompanhado pelo representante da empresa no Brasil, Emerson Miranda.&nbsp;A Hocoma \u00e9 uma empresa Su\u00ed\u00e7a produtora de equipamentos que usam tecnologia rob\u00f3tica para reabilita\u00e7\u00e3o.<\/p>\n<p><!--more--><\/p>\n<p><img fetchpriority=\"high\" decoding=\"async\" class=\" size-full wp-image-426\" src=\"https:\/\/redelucymontoro.org.br\/site\/wp-content\/uploads\/2016\/09\/Visita_Hocoma-eaf.jpg\" alt=\"Visita Hocoma\" width=\"489\" height=\"370\" \/><\/p>\n<p><em>Na imagem, da esquerda para a direita: Emerson Miranda, representante da Hocoma no Brasil, Silvia Yamamoto, Gerente de Interna\u00e7\u00e3o e Comunica\u00e7\u00e3o da Rede Lucy Montoro, e <em>Andr\u00e9s Bataszew,&nbsp;<\/em>Gerente Geral da Hocoma na Am\u00e9rica Latina.<\/em><\/p>\n","protected":false},"excerpt":{"rendered":"","protected":false},"author":2,"featured_media":426,"comment_status":"closed","ping_status":"closed","sticky":false,"template":"","format":"standard","meta":{"_acf_changed":false,"inline_featured_image":false,"footnotes":""},"categories":[2],"tags":[],"class_list":["post-427","post","type-post","status-publish","format-standard","has-post-thumbnail","hentry","category-uncategorised"],"acf":[],"_links":{"self":[{"href":"https:\/\/redelucymontoro.org.br\/site\/wp-json\/wp\/v2\/posts\/427","targetHints":{"allow":["GET"]}}],"collection":[{"href":"https:\/\/redelucymontoro.org.br\/site\/wp-json\/wp\/v2\/posts"}],"about":[{"href":"https:\/\/redelucymontoro.org.br\/site\/wp-json\/wp\/v2\/types\/post"}],"author":[{"embeddable":true,"href":"https:\/\/redelucymontoro.org.br\/site\/wp-json\/wp\/v2\/users\/2"}],"replies":[{"embeddable":true,"href":"https:\/\/redelucymontoro.org.br\/site\/wp-json\/wp\/v2\/comments?post=427"}],"version-history":[{"count":0,"href":"https:\/\/redelucymontoro.org.br\/site\/wp-json\/wp\/v2\/posts\/427\/revisions"}],"wp:featuredmedia":[{"embeddable":true,"href":"https:\/\/redelucymontoro.org.br\/site\/wp-json\/wp\/v2\/media\/426"}],"wp:attachment":[{"href":"https:\/\/redelucymontoro.org.br\/site\/wp-json\/wp\/v2\/media?parent=427"}],"wp:term":[{"taxonomy":"category","embeddable":true,"href":"https:\/\/redelucymontoro.org.br\/site\/wp-json\/wp\/v2\/categories?post=427"},{"taxonomy":"post_tag","embeddable":true,"href":"https:\/\/redelucymontoro.org.br\/site\/wp-json\/wp\/v2\/tags?post=427"}],"curies":[{"name":"wp","href":"https:\/\/api.w.org\/{rel}","templated":true}]}}