{"id":1692,"date":"2022-11-11T19:41:12","date_gmt":"2022-11-11T19:41:12","guid":{"rendered":"https:\/\/situati.net.br\/new\/vereadora-carlinda-tinoco-visita-o-imrea-vila-mariana\/"},"modified":"2024-04-02T21:21:56","modified_gmt":"2024-04-03T00:21:56","slug":"vereadora-carlinda-tinoco-visita-o-imrea-vila-mariana","status":"publish","type":"post","link":"https:\/\/redelucymontoro.org.br\/site\/vereadora-carlinda-tinoco-visita-o-imrea-vila-mariana\/","title":{"rendered":"Vereadora Carlinda Tinoco visita o IMREA Vila Mariana"},"content":{"rendered":"<p><span style=\"margin: 0px; padding: 0px; border: 0px; outline: 0px; vertical-align: baseline; background: transparent; font-size: 10pt; font-family: Arial, sans-serif; color: black;\">No dia 01 de setembro, a vereadora Carlinda Tinoco (c\u00e2mara municipal de Guarulhos) visitou o IMREA Vila Mariana.<\/span><\/p>\n<p><span style=\"margin: 0px; padding: 0px; border: 0px; outline: 0px; vertical-align: baseline; background: transparent; font-family: Arial, sans-serif; font-size: 10pt;\">Durante a visita, a vereadora conheceu os programas de reabilita\u00e7\u00e3o em interna\u00e7\u00e3o e ambulat\u00f3rio, bem como as tecnologias rob\u00f3ticas e assistivas que contribuem para a qualidade de vida dos pacientes.<\/span><\/p>\n<p><span style=\"margin: 0px; padding: 0px; border: 0px; outline: 0px; vertical-align: baseline; background: transparent; font-size: 10pt; font-family: Arial, sans-serif; color: black;\">A vereadora aproveitou para conhecer tamb\u00e9m os projetos de pesquisas em tecnologias e inova\u00e7\u00e3o voltadas para reabilita\u00e7\u00e3o, o laborat\u00f3rio de an\u00e1lise tridimensional de marcha e os diversos tratamentos oferecidos para dores incapacitantes.<\/span><\/p>\n<p><span style=\"margin: 0px; padding: 0px; border: 0px; outline: 0px; vertical-align: baseline; background: transparent; font-size: 10pt; font-family: Arial, sans-serif; color: black;\">\u201cTemos a Rede Lucy Montoro como refer\u00eancia em reabilita\u00e7\u00e3o no Estado de S\u00e3o Paulo e exemplo para os Centros de Reabilita\u00e7\u00e3o municipais que prestam atendimento \u00e0 pessoa com defici\u00eancia de maneira qualificada e humanizada\u201d, comentou a vereadora.<\/span><\/p>\n<p><img decoding=\"async\" class=\" size-full wp-image-1691\" src=\"https:\/\/redelucymontoro.org.br\/site\/wp-content\/uploads\/2022\/11\/veradora_pequ2-cc2.jpg\" alt=\"veradora_pequ2.jpg\" \/><\/p>\n<p><span style=\"font-size: 8pt;\"><em style=\"margin: 0px; padding: 0px; border: 0px; outline: 0px; vertical-align: baseline; background-image: initial; background-position: initial; background-repeat: initial; background-attachment: initial; color: #333333; font-family: arial, sans-serif; font-size: 12.8013px;\"><span style=\"margin: 0px; padding: 0px; border: 0px; outline: 0px; vertical-align: baseline; background: transparent; font-family: Arial, sans-serif; color: black;\">Legenda da foto: a vereadora Carlinda Tinoco (ao centro) e suas assessoras durante visita ao IMREA Vila Mariana.<\/span><\/em><\/span><\/p>\n","protected":false},"excerpt":{"rendered":"","protected":false},"author":4,"featured_media":1691,"comment_status":"closed","ping_status":"closed","sticky":false,"template":"","format":"standard","meta":{"_acf_changed":false,"inline_featured_image":false,"footnotes":""},"categories":[9],"tags":[],"class_list":["post-1692","post","type-post","status-publish","format-standard","has-post-thumbnail","hentry","category-noticias"],"acf":[],"_links":{"self":[{"href":"https:\/\/redelucymontoro.org.br\/site\/wp-json\/wp\/v2\/posts\/1692","targetHints":{"allow":["GET"]}}],"collection":[{"href":"https:\/\/redelucymontoro.org.br\/site\/wp-json\/wp\/v2\/posts"}],"about":[{"href":"https:\/\/redelucymontoro.org.br\/site\/wp-json\/wp\/v2\/types\/post"}],"author":[{"embeddable":true,"href":"https:\/\/redelucymontoro.org.br\/site\/wp-json\/wp\/v2\/users\/4"}],"replies":[{"embeddable":true,"href":"https:\/\/redelucymontoro.org.br\/site\/wp-json\/wp\/v2\/comments?post=1692"}],"version-history":[{"count":0,"href":"https:\/\/redelucymontoro.org.br\/site\/wp-json\/wp\/v2\/posts\/1692\/revisions"}],"wp:featuredmedia":[{"embeddable":true,"href":"https:\/\/redelucymontoro.org.br\/site\/wp-json\/wp\/v2\/media\/1691"}],"wp:attachment":[{"href":"https:\/\/redelucymontoro.org.br\/site\/wp-json\/wp\/v2\/media?parent=1692"}],"wp:term":[{"taxonomy":"category","embeddable":true,"href":"https:\/\/redelucymontoro.org.br\/site\/wp-json\/wp\/v2\/categories?post=1692"},{"taxonomy":"post_tag","embeddable":true,"href":"https:\/\/redelucymontoro.org.br\/site\/wp-json\/wp\/v2\/tags?post=1692"}],"curies":[{"name":"wp","href":"https:\/\/api.w.org\/{rel}","templated":true}]}}