{"id":1690,"date":"2022-11-11T19:39:41","date_gmt":"2022-11-11T19:39:41","guid":{"rendered":"https:\/\/situati.net.br\/new\/governador-do-estado-visita-instalacoes-da-rede-lucy-montoro\/"},"modified":"2024-04-02T21:21:56","modified_gmt":"2024-04-03T00:21:56","slug":"governador-do-estado-visita-instalacoes-da-rede-lucy-montoro","status":"publish","type":"post","link":"https:\/\/redelucymontoro.org.br\/site\/governador-do-estado-visita-instalacoes-da-rede-lucy-montoro\/","title":{"rendered":"Governador do Estado visita instala\u00e7\u00f5es da Rede Lucy Montoro"},"content":{"rendered":"<p><span style=\"margin: 0px; padding: 0px; border: 0px; outline: 0px; vertical-align: baseline; background-image: initial; background-position: initial; background-repeat: initial; background-attachment: initial; color: #333333; font-family: arial, sans-serif; font-size: 12.8013px;\">Na \u00faltima sexta-feira, dia 02 de setembro, o Instituto de Reabilita\u00e7\u00e3o Lucy Montoro recebeu a visita do Excelent\u00edssimo Sr. Governador do Estado de S\u00e3o Paulo, Rodrigo Garcia.<\/span><br \/><span style=\"margin: 0px; padding: 0px; border: 0px; outline: 0px; vertical-align: baseline; background: transparent;\"><span style=\"margin: 0px; padding: 0cm; border: 1pt none windowtext; outline: 0px; vertical-align: baseline; background: transparent;\">Durante a visita, o governador conheceu o programa de reabilita\u00e7\u00e3o em interna\u00e7\u00e3o, as tecnologias rob\u00f3ticas,&nbsp;<\/span><span style=\"margin: 0px; padding: 0px; border: 0px; outline: 0px; vertical-align: baseline; background: transparent;\">al\u00e9m da cozinha terap\u00eautica (cozinha para preparo de receitas saud\u00e1veis pelos pacientes com orienta\u00e7\u00e3o dos Servi\u00e7os de Nutri\u00e7\u00e3o e Terapia Ocupacional).<\/span><\/span><\/p>\n<p><span style=\"margin: 0px; padding: 0px; border: 0px; outline: 0px; vertical-align: baseline; background: transparent;\">O Governador aproveitou tamb\u00e9m para&nbsp;conferir o primeiro teste do&nbsp;<em style=\"margin: 0px; padding: 0px; border: 0px; outline: 0px; vertical-align: baseline; background: transparent;\">Neurolith<\/em>, um equipamento in\u00e9dito no Brasil adquirido pelo Hospital das Cl\u00ednicas, que promove a melhora f\u00edsica e cognitiva de pacientes com les\u00e3o encef\u00e1lica por meio de estimula\u00e7\u00e3o cerebral n\u00e3o invasiva.<\/span><\/p>\n<p><span style=\"margin: 0px; padding: 0px; border: 0px; outline: 0px; vertical-align: baseline; background: transparent;\">\u201cEsse \u00e9 um equipamento que foi adquirido pelo Hospital das Cl\u00ednicas e est\u00e1 aqui no Instituto Lucy Montoro do Morumbi para treinamento de equipes e formaliza\u00e7\u00e3o do seu protocolo junto \u00e0 Anvisa. Temos a convic\u00e7\u00e3o de que a partir da autoriza\u00e7\u00e3o do uso, vamos expandir esse equipamento de est\u00edmulo cerebral n\u00e3o invasivo para todas&nbsp;as unidades da Rede Lucy Montoro e tamb\u00e9m vamos conseguir com que o Brasil tenha acesso a essa nova tecnologia\u201d, comentou o Governador.<\/span><\/p>\n<p><span style=\"margin: 0px; padding: 0px; border: 0px; outline: 0px; vertical-align: baseline; background: transparent;\">A visita foi acompanhada pelo Dr. F\u00e1bio Pacheco Muniz de Souza e Castro (Diretor Executivo da Rede Lucy Montoro Morumbi) e pela Professora Linamara Rizzo Battistella, Presidente do Conselho Diretor da Rede Lucy Montoro que enfatizou a import\u00e2ncia da pesquisa com o Neurolith. \u201cN\u00f3s fomos buscar o que tinha de melhor no mundo, e trouxemos a experi\u00eancia da Alemanha, da \u00c1ustria, da Inglaterra e por isso temos a oportunidade, junto com o HC, de desenvolver essa linha not\u00e1vel de pesquisa, e acompanhados pela Anvisa, porque n\u00f3s n\u00e3o queremos fazer um simples experimento, n\u00f3s queremos mudar a pol\u00edtica p\u00fablica\u201d, completou a Profa. Linamara.&nbsp;<\/span><\/p>\n<p><span style=\"margin: 0px; padding: 0px; border: 0px; outline: 0px; vertical-align: baseline; background: transparent;\">Na ocasi\u00e3o, o Governador participou ainda da inaugura\u00e7\u00e3o da \u00e1rea externa do ambulat\u00f3rio infantil, ambientada com o tema Safari e com atividades e brincadeiras terap\u00eauticas voltadas para as crian\u00e7as em reabilita\u00e7\u00e3o.<\/span><\/p>\n<p><span style=\"margin: 0px; padding: 0px; border: 0px; outline: 0px; vertical-align: baseline; background: transparent;\">Estiveram presentes no evento:&nbsp;<span style=\"margin: 0px; padding: 0cm; border: 1pt none windowtext; outline: 0px; vertical-align: baseline; background: transparent;\">o Secret\u00e1rio da Sa\u00fade do Estado de SP, Sr. Jean Gorinchteyn e o Ex-Secret\u00e1rio Municipal da Sa\u00fade de SP, Sr. Edson Aparecido.<\/span><\/span><\/p>\n<p><span style=\"margin: 0px; padding: 0px; border: 0px; outline: 0px; vertical-align: baseline; background: transparent;\">Confira as fotos:<\/span><\/p>\n<p><img decoding=\"async\" class=\" size-full wp-image-1685\" src=\"https:\/\/redelucymontoro.org.br\/site\/wp-content\/uploads\/2022\/11\/govpeq2-7fc.jpg\" alt=\"govpeq2.jpg\" \/><\/p>\n<p><img decoding=\"async\" class=\" size-full wp-image-1686\" src=\"https:\/\/redelucymontoro.org.br\/site\/wp-content\/uploads\/2022\/11\/govpeq1-386.jpg\" alt=\"govpeq1.jpg\" \/><\/p>\n<p><img decoding=\"async\" class=\" size-full wp-image-1687\" src=\"https:\/\/redelucymontoro.org.br\/site\/wp-content\/uploads\/2022\/11\/govpeq7-b72.jpg\" alt=\"govpeq7.jpg\" \/><\/p>\n<p><img decoding=\"async\" class=\" size-full wp-image-1688\" src=\"https:\/\/redelucymontoro.org.br\/site\/wp-content\/uploads\/2022\/11\/govpeq8-357.jpg\" alt=\"govpeq8.jpg\" \/><\/p>\n<p><img decoding=\"async\" class=\" size-full wp-image-1689\" src=\"https:\/\/redelucymontoro.org.br\/site\/wp-content\/uploads\/2022\/11\/govpeq3-42a.jpg\" alt=\"govpeq3.jpg\" \/><\/p>\n<p>&nbsp;<\/p>\n<p>&nbsp;<\/p>\n<p>&nbsp;<\/p>\n<p>&nbsp;<\/p>\n<p>&nbsp;<\/p>\n","protected":false},"excerpt":{"rendered":"","protected":false},"author":4,"featured_media":1685,"comment_status":"closed","ping_status":"closed","sticky":false,"template":"","format":"standard","meta":{"_acf_changed":false,"inline_featured_image":false,"footnotes":""},"categories":[9],"tags":[],"class_list":["post-1690","post","type-post","status-publish","format-standard","has-post-thumbnail","hentry","category-noticias"],"acf":[],"_links":{"self":[{"href":"https:\/\/redelucymontoro.org.br\/site\/wp-json\/wp\/v2\/posts\/1690","targetHints":{"allow":["GET"]}}],"collection":[{"href":"https:\/\/redelucymontoro.org.br\/site\/wp-json\/wp\/v2\/posts"}],"about":[{"href":"https:\/\/redelucymontoro.org.br\/site\/wp-json\/wp\/v2\/types\/post"}],"author":[{"embeddable":true,"href":"https:\/\/redelucymontoro.org.br\/site\/wp-json\/wp\/v2\/users\/4"}],"replies":[{"embeddable":true,"href":"https:\/\/redelucymontoro.org.br\/site\/wp-json\/wp\/v2\/comments?post=1690"}],"version-history":[{"count":0,"href":"https:\/\/redelucymontoro.org.br\/site\/wp-json\/wp\/v2\/posts\/1690\/revisions"}],"wp:featuredmedia":[{"embeddable":true,"href":"https:\/\/redelucymontoro.org.br\/site\/wp-json\/wp\/v2\/media\/1685"}],"wp:attachment":[{"href":"https:\/\/redelucymontoro.org.br\/site\/wp-json\/wp\/v2\/media?parent=1690"}],"wp:term":[{"taxonomy":"category","embeddable":true,"href":"https:\/\/redelucymontoro.org.br\/site\/wp-json\/wp\/v2\/categories?post=1690"},{"taxonomy":"post_tag","embeddable":true,"href":"https:\/\/redelucymontoro.org.br\/site\/wp-json\/wp\/v2\/tags?post=1690"}],"curies":[{"name":"wp","href":"https:\/\/api.w.org\/{rel}","templated":true}]}}