{"id":1684,"date":"2022-11-11T19:37:39","date_gmt":"2022-11-11T19:37:39","guid":{"rendered":"https:\/\/situati.net.br\/new\/imrea-umarizal-celebra-21-anos-de-atuacao-na-area-da-reabilitacao\/"},"modified":"2024-04-02T21:21:56","modified_gmt":"2024-04-03T00:21:56","slug":"imrea-umarizal-celebra-21-anos-de-atuacao-na-area-da-reabilitacao","status":"publish","type":"post","link":"https:\/\/redelucymontoro.org.br\/site\/imrea-umarizal-celebra-21-anos-de-atuacao-na-area-da-reabilitacao\/","title":{"rendered":"IMREA Umarizal celebra 21 anos de atua\u00e7\u00e3o na \u00e1rea da reabilita\u00e7\u00e3o"},"content":{"rendered":"<p><span style=\"margin: 0px; padding: 0px; border: 0px; outline: 0px; vertical-align: baseline; background: transparent; font-size: 9.5pt; font-family: Arial, sans-serif;\">No dia 25 de agosto, o IMREA Umarizal completou 21 anos de atua\u00e7\u00e3o na reabilita\u00e7\u00e3o de pacientes com defici\u00eancias f\u00edsicas cong\u00eanitas ou adquiridas.<\/span><\/p>\n<p><span style=\"margin: 0px; padding: 0px; border: 0px; outline: 0px; vertical-align: baseline; background: transparent; font-size: 9.5pt; font-family: Arial, sans-serif;\">Em comemora\u00e7\u00e3o \u00e0 data, a Unidade Umarizal organizou um evento para homenagear todos que fazem parte desta hist\u00f3ria inspiradora de motiva\u00e7\u00e3o e mudan\u00e7as significativas na vida de pacientes que participam do programa de reabilita\u00e7\u00e3o global.<\/span><\/p>\n<p><span style=\"margin: 0px; padding: 0px; border: 0px; outline: 0px; vertical-align: baseline; background: transparent; font-size: 9.5pt; font-family: Arial, sans-serif;\">O evento contou com a participa\u00e7\u00e3o da.&nbsp;<\/span><span style=\"margin: 0px; padding: 0px; border: 0px; outline: 0px; vertical-align: baseline; background-image: initial; background-position: initial; background-repeat: initial; background-attachment: initial; font-size: 9.5pt; font-family: Arial, sans-serif;\">Profa. Dra. Linamara Rizzo Battistella, presidente do Conselho Diretor do IMREA HCFMUSP\/IRLM e idealizadora da Rede Lucy Montoro que enalteceu o trabalho de todas as equipes na busca da qualidade e excel\u00eancia de resultados. \u201cParab\u00e9ns a todos que fazem parte deste time que constr\u00f3i caminhos t\u00e3o interessantes nesta comunidade e mostra que o servi\u00e7o p\u00fablico pode funcionar e proporcionar um tratamento humanizado e muito significativo na vida dos que procuram atendimento aqui. \u201d, comentou a Profa. Linamara.<\/span><\/p>\n<p><span style=\"margin: 0px; padding: 0px; border: 0px; outline: 0px; vertical-align: baseline; background: transparent; font-size: 9.5pt; font-family: Arial, sans-serif;\">Tamb\u00e9m estiveram presentes no evento, a diretora executiva do IMREA, Dra. Margarida Harumi Miyazaki, a diretora de Corpo Cl\u00ednico, Dra. K\u00e1tia Lina Miyahara, o diretor administrativo do IMREA Umarizal, Dr. F\u00e1bio Pacheco Muniz de Souza e Castro e o ex-diretor administrativo da Unidade, Sr. Fl\u00e1vio Falanga.<\/span><\/p>\n<p><span style=\"margin: 0px; padding: 0px; border: 0px; outline: 0px; vertical-align: baseline; background: transparent; font-size: 9.5pt; font-family: Arial, sans-serif;\">\u201cA gente espera a vida inteira para fazer 21 anos, mas uma Institui\u00e7\u00e3o como a nossa que tem tanto que entregar \u00e0 sociedade, 21 anos \u00e9 s\u00f3 o come\u00e7o. Fica a responsabilidade de seguir nesse rumo de muito sucesso, de muitas realiza\u00e7\u00f5es, mas com a miss\u00e3o de muito ter que construir. A gente tem muito que acrescentar e entregar para as fam\u00edlias e pacientes que dependem da gente\u201d, completou o Dr. F\u00e1bio.<\/span><\/p>\n<p><span style=\"margin: 0px; padding: 0px; border: 0px; outline: 0px; vertical-align: baseline; background: transparent; font-size: 9.5pt; font-family: Arial, sans-serif;\">A comemora\u00e7\u00e3o foi encerrada com os agradecimentos das colaboradoras que trabalham h\u00e1 mais tempo na Unidade e acompanharam esta trajet\u00f3ria de muitas vit\u00f3rias: Edna Bispo (Servi\u00e7o de Condicionamento F\u00edsico) e Maria da Penha Lemos (Servi\u00e7o Social). \u201cNos sentimos pertencentes a esse lugar e a essa hist\u00f3ria e temos muito orgulho em trabalhar nesta Unidade, no bairro em que crescemos e que tornou nosso maior exemplo de inclus\u00e3o da pessoa com defici\u00eancia, a partir da inaugura\u00e7\u00e3o do IMREA. Agradecemos a todos voc\u00eas que como n\u00f3s ajudaram a construir este caminho de \u00eaxito com amor, dedica\u00e7\u00e3o e generosidade. \u201d, finalizaram as colaboradoras.<\/span><\/p>\n<p><img decoding=\"async\" class=\" size-full wp-image-1682\" src=\"https:\/\/redelucymontoro.org.br\/site\/wp-content\/uploads\/2022\/11\/umarial_4_peq_Easy-Resize.com-f2b.jpg\" alt=\"umarial_4_peq_Easy-Resize.com.jpg\" \/><img decoding=\"async\" class=\" size-full wp-image-1683\" src=\"https:\/\/redelucymontoro.org.br\/site\/wp-content\/uploads\/2022\/11\/umarizal_3_peq_Easy-Resize.com-23d.jpg\" alt=\"umarizal_3_peq_Easy-Resize.com.jpg\" \/><\/p>\n","protected":false},"excerpt":{"rendered":"","protected":false},"author":4,"featured_media":1682,"comment_status":"closed","ping_status":"closed","sticky":false,"template":"","format":"standard","meta":{"_acf_changed":false,"inline_featured_image":false,"footnotes":""},"categories":[9],"tags":[],"class_list":["post-1684","post","type-post","status-publish","format-standard","has-post-thumbnail","hentry","category-noticias"],"acf":[],"_links":{"self":[{"href":"https:\/\/redelucymontoro.org.br\/site\/wp-json\/wp\/v2\/posts\/1684","targetHints":{"allow":["GET"]}}],"collection":[{"href":"https:\/\/redelucymontoro.org.br\/site\/wp-json\/wp\/v2\/posts"}],"about":[{"href":"https:\/\/redelucymontoro.org.br\/site\/wp-json\/wp\/v2\/types\/post"}],"author":[{"embeddable":true,"href":"https:\/\/redelucymontoro.org.br\/site\/wp-json\/wp\/v2\/users\/4"}],"replies":[{"embeddable":true,"href":"https:\/\/redelucymontoro.org.br\/site\/wp-json\/wp\/v2\/comments?post=1684"}],"version-history":[{"count":0,"href":"https:\/\/redelucymontoro.org.br\/site\/wp-json\/wp\/v2\/posts\/1684\/revisions"}],"wp:featuredmedia":[{"embeddable":true,"href":"https:\/\/redelucymontoro.org.br\/site\/wp-json\/wp\/v2\/media\/1682"}],"wp:attachment":[{"href":"https:\/\/redelucymontoro.org.br\/site\/wp-json\/wp\/v2\/media?parent=1684"}],"wp:term":[{"taxonomy":"category","embeddable":true,"href":"https:\/\/redelucymontoro.org.br\/site\/wp-json\/wp\/v2\/categories?post=1684"},{"taxonomy":"post_tag","embeddable":true,"href":"https:\/\/redelucymontoro.org.br\/site\/wp-json\/wp\/v2\/tags?post=1684"}],"curies":[{"name":"wp","href":"https:\/\/api.w.org\/{rel}","templated":true}]}}