{"id":1678,"date":"2022-11-11T19:35:42","date_gmt":"2022-11-11T19:35:42","guid":{"rendered":"https:\/\/situati.net.br\/new\/integrantes-do-projeto-lucy-em-acao-participam-de-sessao-gratuita-de-cinema-2\/"},"modified":"2024-04-02T21:21:56","modified_gmt":"2024-04-03T00:21:56","slug":"integrantes-do-projeto-lucy-em-acao-participam-de-sessao-gratuita-de-cinema-2","status":"publish","type":"post","link":"https:\/\/redelucymontoro.org.br\/site\/integrantes-do-projeto-lucy-em-acao-participam-de-sessao-gratuita-de-cinema-2\/","title":{"rendered":"Integrantes do Projeto \u201cLucy em A\u00e7\u00e3o\u201d participam de sess\u00e3o gratuita de cinema"},"content":{"rendered":"<p><span style=\"margin: 0px; padding: 0px; border: 0px; outline: 0px; vertical-align: baseline; background: transparent; color: #222222; font-family: Arial, Helvetica, sans-serif; font-size: small;\">O Projeto Lucy em A\u00e7\u00e3o, em uma parceria com o Cine Petra Belas Artes, promoveu, em 4 de agosto, mais uma atividade para seus integrantes: uma sess\u00e3o gratuita do filme \u201cElvis, a jornada do her\u00f3i, do surgimento at\u00e9 a eternidade&#8221; (EUA 2022).<\/span><\/p>\n<p><span style=\"margin: 0px; padding: 0px; border: 0px; outline: 0px; vertical-align: baseline; background: transparent; color: #222222; font-family: Arial, Helvetica, sans-serif; font-size: small;\">A cinebiografia musical de Elvis Presley acompanha d\u00e9cadas da vida do artista (interpretado por Austin Butler) e sua ascens\u00e3o \u00e0 fama. Motivados pelo sucesso do filme, 15 participantes do projeto, ex-pacientes do IMREA, sa\u00edram de suas casas&nbsp; e contornaram os desafios de acessibilidade impostos pela cidade de S\u00e3o Paulo, a fim de prestigiar a emocionante hist\u00f3ria de vida do cantor norte-americano falecido em 1977.<\/span><br style=\"color: #222222; font-family: Arial, Helvetica, sans-serif; font-size: small;\" \/><br style=\"color: #222222; font-family: Arial, Helvetica, sans-serif; font-size: small;\" \/><span style=\"margin: 0px; padding: 0px; border: 0px; outline: 0px; vertical-align: baseline; background: transparent; color: #222222; font-family: Arial, Helvetica, sans-serif; font-size: small;\">\u201cAdorei a oportunidade de vir hoje ao cinema e encontrar amigos para assistir a um filme muito rom\u00e2ntico e inspirador\u201d, comentou Irene dos Santos, uma das integrantes do Lucy em A\u00e7\u00e3o.<\/span><\/p>\n<p><img decoding=\"async\" class=\" size-full wp-image-1677\" src=\"https:\/\/redelucymontoro.org.br\/site\/wp-content\/uploads\/2022\/11\/elvis_peq-d98.jpg\" alt=\"elvis_peq.jpg\" \/><\/p>\n","protected":false},"excerpt":{"rendered":"","protected":false},"author":4,"featured_media":1677,"comment_status":"closed","ping_status":"closed","sticky":false,"template":"","format":"standard","meta":{"_acf_changed":false,"inline_featured_image":false,"footnotes":""},"categories":[9],"tags":[],"class_list":["post-1678","post","type-post","status-publish","format-standard","has-post-thumbnail","hentry","category-noticias"],"acf":[],"_links":{"self":[{"href":"https:\/\/redelucymontoro.org.br\/site\/wp-json\/wp\/v2\/posts\/1678","targetHints":{"allow":["GET"]}}],"collection":[{"href":"https:\/\/redelucymontoro.org.br\/site\/wp-json\/wp\/v2\/posts"}],"about":[{"href":"https:\/\/redelucymontoro.org.br\/site\/wp-json\/wp\/v2\/types\/post"}],"author":[{"embeddable":true,"href":"https:\/\/redelucymontoro.org.br\/site\/wp-json\/wp\/v2\/users\/4"}],"replies":[{"embeddable":true,"href":"https:\/\/redelucymontoro.org.br\/site\/wp-json\/wp\/v2\/comments?post=1678"}],"version-history":[{"count":0,"href":"https:\/\/redelucymontoro.org.br\/site\/wp-json\/wp\/v2\/posts\/1678\/revisions"}],"wp:featuredmedia":[{"embeddable":true,"href":"https:\/\/redelucymontoro.org.br\/site\/wp-json\/wp\/v2\/media\/1677"}],"wp:attachment":[{"href":"https:\/\/redelucymontoro.org.br\/site\/wp-json\/wp\/v2\/media?parent=1678"}],"wp:term":[{"taxonomy":"category","embeddable":true,"href":"https:\/\/redelucymontoro.org.br\/site\/wp-json\/wp\/v2\/categories?post=1678"},{"taxonomy":"post_tag","embeddable":true,"href":"https:\/\/redelucymontoro.org.br\/site\/wp-json\/wp\/v2\/tags?post=1678"}],"curies":[{"name":"wp","href":"https:\/\/api.w.org\/{rel}","templated":true}]}}