{"id":1676,"date":"2022-11-11T19:34:01","date_gmt":"2022-11-11T19:34:01","guid":{"rendered":"https:\/\/situati.net.br\/new\/atleta-da-selecao-de-ginastica-artistica-participa-de-bate-papo-com-pacientes-do-imrea\/"},"modified":"2024-04-02T21:21:56","modified_gmt":"2024-04-03T00:21:56","slug":"atleta-da-selecao-de-ginastica-artistica-participa-de-bate-papo-com-pacientes-do-imrea","status":"publish","type":"post","link":"https:\/\/redelucymontoro.org.br\/site\/atleta-da-selecao-de-ginastica-artistica-participa-de-bate-papo-com-pacientes-do-imrea\/","title":{"rendered":"Atleta da Sele\u00e7\u00e3o de Gin\u00e1stica Art\u00edstica participa de bate-papo com pacientes do IMREA"},"content":{"rendered":"<p><span style=\"margin: 0px; padding: 0px; border: 0px; outline: 0px; vertical-align: baseline; background: transparent; color: #222222; font-family: Arial, Helvetica, sans-serif; font-size: small;\">Na \u00faltima quarta-feira, Arthur Nory, medalhista ol\u00edmpico da sele\u00e7\u00e3o brasileira de gin\u00e1stica nos Jogos de 2016, participou de um encontro no IMREA Vila Mariana com pacientes e colaboradores.<\/span><\/p>\n<p><span style=\"margin: 0px; padding: 0px; border: 0px; outline: 0px; vertical-align: baseline; background: transparent; color: #222222; font-family: Arial, Helvetica, sans-serif; font-size: small;\">O tema do encontro foi a Jornada do Atleta: dos treinos \u00e0 conquista de medalhas. \u201cO atleta precisa ter bem claro aonde quer chegar. No meu caso s\u00e3o as olimp\u00edadas. Ter esse foco com objetivos e metas ajuda muito a alcan\u00e7ar os mais de 100%\u201d, comentou Arthur.<\/span><br style=\"color: #222222; font-family: Arial, Helvetica, sans-serif; font-size: small;\" \/><br style=\"color: #222222; font-family: Arial, Helvetica, sans-serif; font-size: small;\" \/><span style=\"margin: 0px; padding: 0px; border: 0px; outline: 0px; vertical-align: baseline; background: transparent; color: #222222; font-family: Arial, Helvetica, sans-serif; font-size: small;\">Durante o bate-papo, Arthur contou aos participantes a sua trajet\u00f3ria no esporte e a import\u00e2ncia de ter foco para enfrentar novos desafios e chegar \u00e0 conquista de t\u00edtulos. Atualmente, sua m\u00e3e faz tratamento de reabilita\u00e7\u00e3o no IMREA.<\/span><br style=\"color: #222222; font-family: Arial, Helvetica, sans-serif; font-size: small;\" \/><br style=\"color: #222222; font-family: Arial, Helvetica, sans-serif; font-size: small;\" \/><span style=\"margin: 0px; padding: 0px; border: 0px; outline: 0px; vertical-align: baseline; background: transparent; color: #222222; font-family: Arial, Helvetica, sans-serif; font-size: small;\">O debate foi mediado pelo Dr. Andr\u00e9 Sugawara, m\u00e9dico fisiatra do IMREA, que destacou a import\u00e2ncia da motiva\u00e7\u00e3o intr\u00ednseca como forma de alcan\u00e7ar resultados positivos na vida.<\/span><span style=\"margin: 0px; padding: 0px; border: 0px; outline: 0px; vertical-align: baseline; background: transparent; font-family: Arial, Helvetica, sans-serif; font-size: small; color: #500050;\"><\/p>\n<p>\u201c<\/span><span style=\"margin: 0px; padding: 0px; border: 0px; outline: 0px; vertical-align: baseline; background: transparent; color: #222222; font-family: Arial, Helvetica, sans-serif; font-size: small;\"><span style=\"margin: 0px; padding: 0px; border: 0px; outline: 0px; vertical-align: baseline; background: transparent; color: #000000;\">Assim como no esporte, a reabilita\u00e7\u00e3o \u00e9 um processo que exige foco e motiva\u00e7\u00e3o. Sempre colocamos os pacientes \u00e0 prova de situa\u00e7\u00f5es limites e desafios di\u00e1rios para que consigam ser motivados e incentivados tanto pelos profissionais das equipes multidisciplinares como por meio da autoconfian\u00e7a\u201d, ressaltou o Dr. Andr\u00e9.<\/span><\/p>\n<p><\/span><span style=\"margin: 0px; padding: 0px; border: 0px; outline: 0px; vertical-align: baseline; background: transparent; color: #222222; font-family: Arial, Helvetica, sans-serif; font-size: small;\">Sugawara explicou que nestes processos em busca de aprimorar o desempenho, tanto no esporte quanto na reabilita\u00e7\u00e3o, \u00e9 fundamental o apoio do profissional de Psicologia, que auxilia no trabalho da mente como aliada ao poder da imagina\u00e7\u00e3o.<\/span><span style=\"margin: 0px; padding: 0px; border: 0px; outline: 0px; vertical-align: baseline; background: transparent; color: #222222; font-family: Arial, Helvetica, sans-serif; font-size: small;\"><br \/><span style=\"margin: 0px; padding: 0px; border: 0px; outline: 0px; vertical-align: baseline; background: transparent; color: #000000;\"><br \/>\u201cO movimento da mentaliza\u00e7\u00e3o come\u00e7a no c\u00f3rtex motor do c\u00e9rebro e na inten\u00e7\u00e3o colocada com emo\u00e7\u00e3o. Tudo isso exige uma grande autodetermina\u00e7\u00e3o para que o processo do in\u00edcio da conquista de um objetivo seja alcan\u00e7ado com sucesso\u201d, finalizou o Dr. Andr\u00e9.<\/span><\/span><\/p>\n<p><img decoding=\"async\" class=\" size-full wp-image-1675\" src=\"https:\/\/redelucymontoro.org.br\/site\/wp-content\/uploads\/2022\/11\/arthur_nory_peq-aff.jpg\" alt=\"arthur nory peq\" \/><\/p><\/p>\n","protected":false},"excerpt":{"rendered":"","protected":false},"author":4,"featured_media":1675,"comment_status":"closed","ping_status":"closed","sticky":false,"template":"","format":"standard","meta":{"_acf_changed":false,"inline_featured_image":false,"footnotes":""},"categories":[9],"tags":[],"class_list":["post-1676","post","type-post","status-publish","format-standard","has-post-thumbnail","hentry","category-noticias"],"acf":[],"_links":{"self":[{"href":"https:\/\/redelucymontoro.org.br\/site\/wp-json\/wp\/v2\/posts\/1676","targetHints":{"allow":["GET"]}}],"collection":[{"href":"https:\/\/redelucymontoro.org.br\/site\/wp-json\/wp\/v2\/posts"}],"about":[{"href":"https:\/\/redelucymontoro.org.br\/site\/wp-json\/wp\/v2\/types\/post"}],"author":[{"embeddable":true,"href":"https:\/\/redelucymontoro.org.br\/site\/wp-json\/wp\/v2\/users\/4"}],"replies":[{"embeddable":true,"href":"https:\/\/redelucymontoro.org.br\/site\/wp-json\/wp\/v2\/comments?post=1676"}],"version-history":[{"count":0,"href":"https:\/\/redelucymontoro.org.br\/site\/wp-json\/wp\/v2\/posts\/1676\/revisions"}],"wp:featuredmedia":[{"embeddable":true,"href":"https:\/\/redelucymontoro.org.br\/site\/wp-json\/wp\/v2\/media\/1675"}],"wp:attachment":[{"href":"https:\/\/redelucymontoro.org.br\/site\/wp-json\/wp\/v2\/media?parent=1676"}],"wp:term":[{"taxonomy":"category","embeddable":true,"href":"https:\/\/redelucymontoro.org.br\/site\/wp-json\/wp\/v2\/categories?post=1676"},{"taxonomy":"post_tag","embeddable":true,"href":"https:\/\/redelucymontoro.org.br\/site\/wp-json\/wp\/v2\/tags?post=1676"}],"curies":[{"name":"wp","href":"https:\/\/api.w.org\/{rel}","templated":true}]}}