{"id":1596,"date":"2022-01-31T13:49:52","date_gmt":"2022-01-31T13:49:52","guid":{"rendered":"https:\/\/situati.net.br\/new\/residentes-da-area-multidisciplinar-visitam-o-imrea-rede-lucy-montoro\/"},"modified":"2024-04-02T21:20:15","modified_gmt":"2024-04-03T00:20:15","slug":"residentes-da-area-multidisciplinar-visitam-o-imrea-rede-lucy-montoro","status":"publish","type":"post","link":"https:\/\/redelucymontoro.org.br\/site\/residentes-da-area-multidisciplinar-visitam-o-imrea-rede-lucy-montoro\/","title":{"rendered":"Residentes da \u00e1rea multidisciplinar visitam o IMREA Rede Lucy Montoro"},"content":{"rendered":"<p>Na semana de 17 de janeiro, os participantes do \u00faltimo programa em resid\u00eancia multiprofissional, visitaram as Unidades do IMREA Rede Lucy Montoro.<\/p>\n<p><!--more--><\/p>\n<p>Durante o &#8220;tour&#8221; institucional pelas Unidades, os residentes puderam conhecer os programas de reabilita\u00e7\u00e3o em ambulat\u00f3rio e interna\u00e7\u00e3o, as \u00e1reas de rob\u00f3tica para membros superiores e inferiores, a bioengenharia, as trilhas dos reabilitys labs ,&nbsp;os atendimentos em nutri\u00e7\u00e3o infantil e a cozinha terap\u00eautica.<\/p>\n<p>O programa em resid\u00eancia multiprofissional \u00e9 oferecido pela Universidade de S\u00e3o Paulo, com dura\u00e7\u00e3o de dois anos para formados ou estudantes do \u00faltimo ano da gradua\u00e7\u00e3o em: Educa\u00e7\u00e3o f\u00edsica, Enfermagem, Fisioterapia, Fonoaudiologia, Nutri\u00e7\u00e3o, Psicologia, Servi\u00e7o Social e Terapia Ocupacional.<\/p>\n<p>&#8220;Conhecer um pouco dos atendimentos em cada Unidade, apesar de serem padronizados, nos proporcionou adentrar em ambi\u00eancias e diagn\u00f3sticos diferentes, al\u00e9m dos diferente objetivos tra\u00e7ados pelos profissionais no alcance das metas aos pacientes&#8221;, comentou Julia Borges, residente do Servi\u00e7o de Psicologia.<\/p>\n<p><img decoding=\"async\" class=\" size-full wp-image-1592\" src=\"https:\/\/redelucymontoro.org.br\/site\/wp-content\/uploads\/2022\/01\/peqres01-de0.jpg\" alt=\"peqres01\" \/><\/p>\n<p>&nbsp;<\/p>\n<p><img decoding=\"async\" class=\" size-full wp-image-1593\" src=\"https:\/\/redelucymontoro.org.br\/site\/wp-content\/uploads\/2022\/01\/rsipeq02-bec.jpg\" alt=\"rsipeq02\" \/><\/p>\n<p>&nbsp;<\/p>\n<p><img decoding=\"async\" class=\" size-full wp-image-1594\" src=\"https:\/\/redelucymontoro.org.br\/site\/wp-content\/uploads\/2022\/01\/resipeq04-bba.jpg\" alt=\"resipeq04\" \/><\/p>\n<p>&nbsp;<\/p>\n<p><img decoding=\"async\" class=\" size-full wp-image-1595\" src=\"https:\/\/redelucymontoro.org.br\/site\/wp-content\/uploads\/2022\/01\/resipequ05-dc0.jpg\" alt=\"resipequ05\" \/><\/p>\n","protected":false},"excerpt":{"rendered":"","protected":false},"author":3,"featured_media":1592,"comment_status":"closed","ping_status":"closed","sticky":false,"template":"","format":"standard","meta":{"_acf_changed":false,"inline_featured_image":false,"footnotes":""},"categories":[9],"tags":[],"class_list":["post-1596","post","type-post","status-publish","format-standard","has-post-thumbnail","hentry","category-noticias"],"acf":[],"_links":{"self":[{"href":"https:\/\/redelucymontoro.org.br\/site\/wp-json\/wp\/v2\/posts\/1596","targetHints":{"allow":["GET"]}}],"collection":[{"href":"https:\/\/redelucymontoro.org.br\/site\/wp-json\/wp\/v2\/posts"}],"about":[{"href":"https:\/\/redelucymontoro.org.br\/site\/wp-json\/wp\/v2\/types\/post"}],"author":[{"embeddable":true,"href":"https:\/\/redelucymontoro.org.br\/site\/wp-json\/wp\/v2\/users\/3"}],"replies":[{"embeddable":true,"href":"https:\/\/redelucymontoro.org.br\/site\/wp-json\/wp\/v2\/comments?post=1596"}],"version-history":[{"count":0,"href":"https:\/\/redelucymontoro.org.br\/site\/wp-json\/wp\/v2\/posts\/1596\/revisions"}],"wp:featuredmedia":[{"embeddable":true,"href":"https:\/\/redelucymontoro.org.br\/site\/wp-json\/wp\/v2\/media\/1592"}],"wp:attachment":[{"href":"https:\/\/redelucymontoro.org.br\/site\/wp-json\/wp\/v2\/media?parent=1596"}],"wp:term":[{"taxonomy":"category","embeddable":true,"href":"https:\/\/redelucymontoro.org.br\/site\/wp-json\/wp\/v2\/categories?post=1596"},{"taxonomy":"post_tag","embeddable":true,"href":"https:\/\/redelucymontoro.org.br\/site\/wp-json\/wp\/v2\/tags?post=1596"}],"curies":[{"name":"wp","href":"https:\/\/api.w.org\/{rel}","templated":true}]}}