{"id":1591,"date":"2022-01-17T15:28:30","date_gmt":"2022-01-17T15:28:30","guid":{"rendered":"https:\/\/situati.net.br\/new\/comeca-a-imunizacao-de-criancas-em-sao-paulo\/"},"modified":"2024-04-02T21:20:15","modified_gmt":"2024-04-03T00:20:15","slug":"comeca-a-imunizacao-de-criancas-em-sao-paulo","status":"publish","type":"post","link":"https:\/\/redelucymontoro.org.br\/site\/comeca-a-imunizacao-de-criancas-em-sao-paulo\/","title":{"rendered":"Come\u00e7a a imuniza\u00e7\u00e3o de crian\u00e7as em S\u00e3o Paulo"},"content":{"rendered":"<p>Na \u00faltima sexta-feira, 17\/01, come\u00e7ou em S\u00e3o Paulo a vacina\u00e7\u00e3o de crian\u00e7as contra a COVID-19.<\/p>\n<p><!--more--><\/p>\n<p>Algumas das crian\u00e7as vacinadas s\u00e3o pacientes da Rede Lucy na capital, entre elas a jovem Grazielly&nbsp;Soares, paciente do IMREA Lapa. Veja a foto da nossa pequena mais nova imunzada! Muito orgulho dos nossos pacientes.<\/p>\n<p><iframe src=\"https:\/\/www.facebook.com\/plugins\/post.php?href=https%3A%2F%2Fweb.facebook.com%2Fredelucymontoro%2Fposts%2F7530721853608412&amp;show_text=true&amp;width=500\" frameborder=\"0\" scrolling=\"no\" width=\"500\" height=\"717\" allowfullscreen=\"allowfullscreen\" style=\"border: none; overflow: hidden;\" allow=\"autoplay; clipboard-write; encrypted-media; picture-in-picture; web-share\"><\/iframe><\/p>\n<p>&nbsp;<\/p>\n<blockquote class=\"instagram-media\" style=\"background: #FFF; border: 0; border-radius: 3px; box-shadow: 0 0 1px 0 rgba(0,0,0,0.5),0 1px 10px 0 rgba(0,0,0,0.15); margin: 1px; max-width: 540px; min-width: 326px; padding: 0; width: calc(100% - 2px);\" data-instgrm-captioned=\"\" data-instgrm-permalink=\"https:\/\/www.instagram.com\/p\/CYumZxCpQG-\/?utm_source=ig_embed&amp;utm_campaign=loading\" data-instgrm-version=\"14\">\n<div style=\"padding: 16px;\">\n<div style=\"display: flex; flex-direction: row; align-items: center;\">&nbsp;<\/div>\n<div style=\"padding: 19% 0;\">&nbsp;<\/div>\n<div style=\"display: block; height: 50px; margin: 0 auto 12px; width: 50px;\">&nbsp;<\/div>\n<div style=\"padding-top: 8px;\">\n<div style=\"color: #3897f0; font-family: Arial,sans-serif; font-size: 14px; font-style: normal; font-weight: 550; line-height: 18px;\">Ver essa foto no Instagram<\/div>\n<\/div>\n<p style=\"color: #c9c8cd; font-family: Arial,sans-serif; font-size: 14px; line-height: 17px; margin-bottom: 0; margin-top: 8px; overflow: hidden; padding: 8px 0 7px; text-align: center; text-overflow: ellipsis; white-space: nowrap;\"><a href=\"https:\/\/www.instagram.com\/p\/CYumZxCpQG-\/?utm_source=ig_embed&amp;utm_campaign=loading\" target=\"_blank\" style=\"color: #c9c8cd; font-family: Arial,sans-serif; font-size: 14px; font-style: normal; font-weight: normal; line-height: 17px; text-decoration: none;\" rel=\"noopener\">Uma publica\u00e7\u00e3o compartilhada por Rede Lucy Montoro (@redelucymontoro)<\/a><\/p>\n<\/div>\n<\/blockquote>\n<p><script src=\"\/\/www.instagram.com\/embed.js\" async=\"\" type=\"text\/javascript\"><\/script><\/p>\n<p>Aten\u00e7\u00e3o: a Rede Lucy Montoro n\u00e3o est\u00e1 imunizando seus pacientes, quem ainda n\u00e3o vacinou deve procurar a UBS mais pr\u00f3xima da sua resid\u00eancia e se informar.<\/p>\n","protected":false},"excerpt":{"rendered":"","protected":false},"author":2,"featured_media":0,"comment_status":"closed","ping_status":"closed","sticky":false,"template":"","format":"standard","meta":{"_acf_changed":false,"inline_featured_image":false,"footnotes":""},"categories":[9],"tags":[],"class_list":["post-1591","post","type-post","status-publish","format-standard","hentry","category-noticias"],"acf":[],"_links":{"self":[{"href":"https:\/\/redelucymontoro.org.br\/site\/wp-json\/wp\/v2\/posts\/1591","targetHints":{"allow":["GET"]}}],"collection":[{"href":"https:\/\/redelucymontoro.org.br\/site\/wp-json\/wp\/v2\/posts"}],"about":[{"href":"https:\/\/redelucymontoro.org.br\/site\/wp-json\/wp\/v2\/types\/post"}],"author":[{"embeddable":true,"href":"https:\/\/redelucymontoro.org.br\/site\/wp-json\/wp\/v2\/users\/2"}],"replies":[{"embeddable":true,"href":"https:\/\/redelucymontoro.org.br\/site\/wp-json\/wp\/v2\/comments?post=1591"}],"version-history":[{"count":0,"href":"https:\/\/redelucymontoro.org.br\/site\/wp-json\/wp\/v2\/posts\/1591\/revisions"}],"wp:attachment":[{"href":"https:\/\/redelucymontoro.org.br\/site\/wp-json\/wp\/v2\/media?parent=1591"}],"wp:term":[{"taxonomy":"category","embeddable":true,"href":"https:\/\/redelucymontoro.org.br\/site\/wp-json\/wp\/v2\/categories?post=1591"},{"taxonomy":"post_tag","embeddable":true,"href":"https:\/\/redelucymontoro.org.br\/site\/wp-json\/wp\/v2\/tags?post=1591"}],"curies":[{"name":"wp","href":"https:\/\/api.w.org\/{rel}","templated":true}]}}