{"id":1590,"date":"2022-01-14T13:04:27","date_gmt":"2022-01-14T13:04:27","guid":{"rendered":"https:\/\/situati.net.br\/new\/sus\/"},"modified":"2024-04-02T21:20:15","modified_gmt":"2024-04-03T00:20:15","slug":"sus","status":"publish","type":"post","link":"https:\/\/redelucymontoro.org.br\/site\/sus\/","title":{"rendered":"SUS"},"content":{"rendered":"<p><span style=\"color: #222222; font-family: 'trebuchet ms', sans-serif; font-size: small;\">O direcionamento de pacientes para a rede p\u00fablica de reabilita\u00e7\u00e3o inicia-se pelo encaminhamento do(a) m\u00e9dico(a) que atende o paciente na Unidade B\u00e1sica de Sa\u00fade (UBS).<\/span><\/p>\n<p>As vagas s\u00e3o reguladas pela Secretaria da Sa\u00fade do Estado de S\u00e3o Paulo, pela Central de Regula\u00e7\u00e3o de Oferta de Servi\u00e7os de Sa\u00fade (<a href=\"https:\/\/www.cross.saude.sp.gov.br\/\" target=\"_blank\" rel=\"noopener\">CROSS<\/a>).<\/p>\n<p>Voc\u00ea pode saber mais sobre as unidades da Rede clicando <a href=\"https:\/\/redelucymontoro.org.br\/site\/vila-mariana\/\">nesta p\u00e1gina<\/a> e identificando a unidade mais pr\u00f3xima da sua resid\u00eancia no menu ao lado esquerdo.<\/p>\n","protected":false},"excerpt":{"rendered":"","protected":false},"author":2,"featured_media":0,"comment_status":"closed","ping_status":"closed","sticky":false,"template":"","format":"standard","meta":{"_acf_changed":false,"inline_featured_image":false,"footnotes":""},"categories":[55],"tags":[],"class_list":["post-1590","post","type-post","status-publish","format-standard","hentry","category-agendamento"],"acf":[],"_links":{"self":[{"href":"https:\/\/redelucymontoro.org.br\/site\/wp-json\/wp\/v2\/posts\/1590","targetHints":{"allow":["GET"]}}],"collection":[{"href":"https:\/\/redelucymontoro.org.br\/site\/wp-json\/wp\/v2\/posts"}],"about":[{"href":"https:\/\/redelucymontoro.org.br\/site\/wp-json\/wp\/v2\/types\/post"}],"author":[{"embeddable":true,"href":"https:\/\/redelucymontoro.org.br\/site\/wp-json\/wp\/v2\/users\/2"}],"replies":[{"embeddable":true,"href":"https:\/\/redelucymontoro.org.br\/site\/wp-json\/wp\/v2\/comments?post=1590"}],"version-history":[{"count":0,"href":"https:\/\/redelucymontoro.org.br\/site\/wp-json\/wp\/v2\/posts\/1590\/revisions"}],"wp:attachment":[{"href":"https:\/\/redelucymontoro.org.br\/site\/wp-json\/wp\/v2\/media?parent=1590"}],"wp:term":[{"taxonomy":"category","embeddable":true,"href":"https:\/\/redelucymontoro.org.br\/site\/wp-json\/wp\/v2\/categories?post=1590"},{"taxonomy":"post_tag","embeddable":true,"href":"https:\/\/redelucymontoro.org.br\/site\/wp-json\/wp\/v2\/tags?post=1590"}],"curies":[{"name":"wp","href":"https:\/\/api.w.org\/{rel}","templated":true}]}}