{"id":1589,"date":"2022-01-13T13:08:45","date_gmt":"2022-01-13T13:08:45","guid":{"rendered":"https:\/\/situati.net.br\/new\/rede-lucy-montoro-alerta-para-riscos-de-acidente-de-verao\/"},"modified":"2024-04-02T21:20:15","modified_gmt":"2024-04-03T00:20:15","slug":"rede-lucy-montoro-alerta-para-riscos-de-acidente-de-verao","status":"publish","type":"post","link":"https:\/\/redelucymontoro.org.br\/site\/rede-lucy-montoro-alerta-para-riscos-de-acidente-de-verao\/","title":{"rendered":"Rede Lucy Montoro alerta para riscos de acidente de ver\u00e3o"},"content":{"rendered":"<p>H\u00e1 dois anos, em janeiro de 2019, o Governo do Estado veio ao IMREA Vila Mariana gravar um importante v\u00eddeo de conscientiza\u00e7\u00e3o sobre os acidentes t\u00edpicos do ver\u00e3o que podem deixar sequelas graves.<\/p>\n<p><!--more--><\/p>\n<p>Na \u00e9poca, concederam entrevista a m\u00e9dica fisiatra da Rede Dra Karen Guerrini e o paciente Adriano de Souza. Recuperamos este material para refor\u00e7ar o alerta: cuidado ao mergulhar de cabe\u00e7a em piscinas, lagos, rios e mar. Um mergulho mal calculado pode causar les\u00f5es que demandam reabilita\u00e7\u00e3o.&nbsp;<\/p>\n<p>OBS: o v\u00eddeo foi gravado antes da pandemia de COVID-19 e, por isso, as pessoas que aparecem no v\u00eddeo est\u00e3o sem m\u00e1scara.<\/p>\n<p><iframe width=\"560\" height=\"315\" src=\"https:\/\/www.youtube.com\/embed\/wyjgWT1Wu_M\" title=\"YouTube video player\" frameborder=\"0\" allow=\"accelerometer; autoplay; clipboard-write; encrypted-media; gyroscope; picture-in-picture\" allowfullscreen=\"allowfullscreen\"><\/iframe><\/p>\n","protected":false},"excerpt":{"rendered":"","protected":false},"author":2,"featured_media":0,"comment_status":"closed","ping_status":"closed","sticky":false,"template":"","format":"standard","meta":{"_acf_changed":false,"inline_featured_image":false,"footnotes":""},"categories":[9],"tags":[],"class_list":["post-1589","post","type-post","status-publish","format-standard","hentry","category-noticias"],"acf":[],"_links":{"self":[{"href":"https:\/\/redelucymontoro.org.br\/site\/wp-json\/wp\/v2\/posts\/1589","targetHints":{"allow":["GET"]}}],"collection":[{"href":"https:\/\/redelucymontoro.org.br\/site\/wp-json\/wp\/v2\/posts"}],"about":[{"href":"https:\/\/redelucymontoro.org.br\/site\/wp-json\/wp\/v2\/types\/post"}],"author":[{"embeddable":true,"href":"https:\/\/redelucymontoro.org.br\/site\/wp-json\/wp\/v2\/users\/2"}],"replies":[{"embeddable":true,"href":"https:\/\/redelucymontoro.org.br\/site\/wp-json\/wp\/v2\/comments?post=1589"}],"version-history":[{"count":0,"href":"https:\/\/redelucymontoro.org.br\/site\/wp-json\/wp\/v2\/posts\/1589\/revisions"}],"wp:attachment":[{"href":"https:\/\/redelucymontoro.org.br\/site\/wp-json\/wp\/v2\/media?parent=1589"}],"wp:term":[{"taxonomy":"category","embeddable":true,"href":"https:\/\/redelucymontoro.org.br\/site\/wp-json\/wp\/v2\/categories?post=1589"},{"taxonomy":"post_tag","embeddable":true,"href":"https:\/\/redelucymontoro.org.br\/site\/wp-json\/wp\/v2\/tags?post=1589"}],"curies":[{"name":"wp","href":"https:\/\/api.w.org\/{rel}","templated":true}]}}