{"id":1587,"date":"2021-12-22T14:14:30","date_gmt":"2021-12-22T14:14:30","guid":{"rendered":"https:\/\/situati.net.br\/new\/colaboradores-participam-da-entrega-de-resultados-2021-do-imrea\/"},"modified":"2024-04-02T21:20:15","modified_gmt":"2024-04-03T00:20:15","slug":"colaboradores-participam-da-entrega-de-resultados-2021-do-imrea","status":"publish","type":"post","link":"https:\/\/redelucymontoro.org.br\/site\/colaboradores-participam-da-entrega-de-resultados-2021-do-imrea\/","title":{"rendered":"Colaboradores participam da Entrega de Resultados 2021 do IMREA"},"content":{"rendered":"<p>No dia 16 de dezembro, os colaboradores do IMREA participaram do evento de entrega de resultados do ano de 2021, no Centro de Conven\u00e7\u00f5es Rebou\u00e7as.<\/p>\n<p><!--more--><\/p>\n<p>A abertura do evento foi feita pela Presidente do Conselho Diretor do IMREA, a Profa. Dra. Linamara Rizzo Battistella, que agradeceu a todos pelo trabalho e empenho das equipes durante o ano de 2021 no alcance das metas e da excel\u00eancia na \u00e1rea de reabilita\u00e7\u00e3o.<\/p>\n<p>Ap\u00f3s as palavras de Profa. Linamara, a Dra. Margarida Harumi Miyasaki (Diretora Executiva do IMREA), a Dra. Katia Lina Miyahara (Diretora M\u00e9dica do IMREA) e o Dr. F\u00e1bio Pacheco Muniz de Souza e Castro (Diretor Executivo da Rede Lucy Montoro), tamb\u00e9m ressaltaram a import\u00e2ncia do trabalho dos colaboradores e a dedica\u00e7\u00e3o para com os pacientes e aproveitaram desejar um Feliz Natal e um Ano Novo com muito sucesso e energias positivas.<\/p>\n<p>\u201cQuem mais tem o protagonismo na reabilita\u00e7\u00e3o se n\u00e3o a gente? Se as pessoas falam hoje em reabilita\u00e7\u00e3o \u00e9 porque certamente a gente pavimentou um caminho brilhante que mostrou mais do que nunca seu valor, principalmente agora, depois de tudo que passamos. Essa hist\u00f3ria que vivemos h\u00e1 mais de 45 anos \u00e9 fruto da dedica\u00e7\u00e3o e do trabalho de cada um de n\u00f3s. A gente vai crescer cada vez mais, ser maior e alcan\u00e7ar todos os nossos objetivos\u201d, comentou o Dr. F\u00e1bio.<\/p>\n<p>Ap\u00f3s os agradecimentos dos Diretores, os colaboradores assistiram a palestra: Voc\u00ea como Protagonista, conduzida por V\u00e2nia Rauti, MasterCoach (focada em Desenvolvimento Pessoal e Auto Relacionamento) com t\u00e9cnicas de intelig\u00eancia emocional voltadas para mudan\u00e7as comportamentais que ajudam todos a transformarem suas dores em oportunidades de mudan\u00e7a para uma vida extraordin\u00e1ria.<\/p>\n<p>&nbsp;\u201cOlhar as experi\u00eancias negativas do passado como aprendizado para mudan\u00e7as significativas \u00e9 um dos pontos chaves da Tr\u00edade do Protagonismo. Einsten dizia que \u00e9 uma insanidade querer resultados diferentes fazendo a mesma coisa. Responsabilidade \u00e9 aprender sobre o passado, fazer diferente no presente e colher frutos no futuro\u201d, explicou V\u00e2nia.<\/p>\n<p>O evento contou ainda com sorteios de brindes aos colaboradores que participaram da Campanha #EuSouMaisLucy em homenagem aos 45 anos da Institui\u00e7\u00e3o e foi finalizado com a participa\u00e7\u00e3o especial da bateria da Unidos da Vila Rica.<\/p>\n<p><img decoding=\"async\" class=\" size-full wp-image-1583\" src=\"https:\/\/redelucymontoro.org.br\/site\/wp-content\/uploads\/2021\/12\/ccr3-8bb.jpg\" alt=\"ccr3\" \/><\/p>\n<p><img decoding=\"async\" class=\" size-full wp-image-1584\" src=\"https:\/\/redelucymontoro.org.br\/site\/wp-content\/uploads\/2021\/12\/ccr4-399.jpg\" alt=\"ccr4\" \/><\/p>\n<p><img decoding=\"async\" class=\" size-full wp-image-1585\" src=\"https:\/\/redelucymontoro.org.br\/site\/wp-content\/uploads\/2021\/12\/ccr10-6ab.jpg\" alt=\"ccr10\" \/><\/p>\n<p><img decoding=\"async\" class=\" size-full wp-image-1586\" src=\"https:\/\/redelucymontoro.org.br\/site\/wp-content\/uploads\/2021\/12\/ccr11-57d.jpg\" alt=\"ccr11\" \/><\/p>\n","protected":false},"excerpt":{"rendered":"","protected":false},"author":3,"featured_media":1583,"comment_status":"closed","ping_status":"closed","sticky":false,"template":"","format":"standard","meta":{"_acf_changed":false,"inline_featured_image":false,"footnotes":""},"categories":[9],"tags":[],"class_list":["post-1587","post","type-post","status-publish","format-standard","has-post-thumbnail","hentry","category-noticias"],"acf":[],"_links":{"self":[{"href":"https:\/\/redelucymontoro.org.br\/site\/wp-json\/wp\/v2\/posts\/1587","targetHints":{"allow":["GET"]}}],"collection":[{"href":"https:\/\/redelucymontoro.org.br\/site\/wp-json\/wp\/v2\/posts"}],"about":[{"href":"https:\/\/redelucymontoro.org.br\/site\/wp-json\/wp\/v2\/types\/post"}],"author":[{"embeddable":true,"href":"https:\/\/redelucymontoro.org.br\/site\/wp-json\/wp\/v2\/users\/3"}],"replies":[{"embeddable":true,"href":"https:\/\/redelucymontoro.org.br\/site\/wp-json\/wp\/v2\/comments?post=1587"}],"version-history":[{"count":0,"href":"https:\/\/redelucymontoro.org.br\/site\/wp-json\/wp\/v2\/posts\/1587\/revisions"}],"wp:featuredmedia":[{"embeddable":true,"href":"https:\/\/redelucymontoro.org.br\/site\/wp-json\/wp\/v2\/media\/1583"}],"wp:attachment":[{"href":"https:\/\/redelucymontoro.org.br\/site\/wp-json\/wp\/v2\/media?parent=1587"}],"wp:term":[{"taxonomy":"category","embeddable":true,"href":"https:\/\/redelucymontoro.org.br\/site\/wp-json\/wp\/v2\/categories?post=1587"},{"taxonomy":"post_tag","embeddable":true,"href":"https:\/\/redelucymontoro.org.br\/site\/wp-json\/wp\/v2\/tags?post=1587"}],"curies":[{"name":"wp","href":"https:\/\/api.w.org\/{rel}","templated":true}]}}