{"id":1582,"date":"2021-12-21T18:50:44","date_gmt":"2021-12-21T18:50:44","guid":{"rendered":"https:\/\/situati.net.br\/new\/imrea-participa-de-pesquisa-com-uso-de-smartwatches-da-samsung\/"},"modified":"2024-04-02T21:20:15","modified_gmt":"2024-04-03T00:20:15","slug":"imrea-participa-de-pesquisa-com-uso-de-smartwatches-da-samsung","status":"publish","type":"post","link":"https:\/\/redelucymontoro.org.br\/site\/imrea-participa-de-pesquisa-com-uso-de-smartwatches-da-samsung\/","title":{"rendered":"IMREA participa de pesquisa com uso de smartwatches da Samsung"},"content":{"rendered":"<p>Samsung e Inova HC iniciaram parceria para monitorar remotamente pacientes em recupera\u00e7\u00e3o de Covid-19 e acompanhamento de uma das suas principais sequelas, a les\u00e3o encef\u00e1lica, por meio de smartwatches.<\/p>\n<p><!--more--><\/p>\n<p>O projeto utilizar\u00e1 os rec\u00e9m-lan\u00e7ados Galaxy Watch4 para aferir e monitorar informa\u00e7\u00f5es vitais card\u00edacas, press\u00e3o arterial e de sono dos pacientes. O projeto integra o programa de Sa\u00fade Digital desenvolvido pelo Hospital das Cl\u00ednicas da Faculdade de Medicina da USP, por meio de seus Institutos, entre os quais o Instituto de Medicina F\u00edsica e Reabilita\u00e7\u00e3o (IMREA). Os profissionais de reabilita\u00e7\u00e3o estar\u00e3o \u00e0 frente na observa\u00e7\u00e3o dos pacientes volunt\u00e1rios em recupera\u00e7\u00e3o, monitorando as manifesta\u00e7\u00f5es decorrentes da Covid-19.<\/p>\n<p>Saiba mais&nbsp;<a href=\"https:\/\/bit.ly\/329YZz9\">https:\/\/bit.ly\/329YZz9<\/a><\/p>\n","protected":false},"excerpt":{"rendered":"","protected":false},"author":2,"featured_media":0,"comment_status":"closed","ping_status":"closed","sticky":false,"template":"","format":"standard","meta":{"_acf_changed":false,"inline_featured_image":false,"footnotes":""},"categories":[9],"tags":[],"class_list":["post-1582","post","type-post","status-publish","format-standard","hentry","category-noticias"],"acf":[],"_links":{"self":[{"href":"https:\/\/redelucymontoro.org.br\/site\/wp-json\/wp\/v2\/posts\/1582","targetHints":{"allow":["GET"]}}],"collection":[{"href":"https:\/\/redelucymontoro.org.br\/site\/wp-json\/wp\/v2\/posts"}],"about":[{"href":"https:\/\/redelucymontoro.org.br\/site\/wp-json\/wp\/v2\/types\/post"}],"author":[{"embeddable":true,"href":"https:\/\/redelucymontoro.org.br\/site\/wp-json\/wp\/v2\/users\/2"}],"replies":[{"embeddable":true,"href":"https:\/\/redelucymontoro.org.br\/site\/wp-json\/wp\/v2\/comments?post=1582"}],"version-history":[{"count":0,"href":"https:\/\/redelucymontoro.org.br\/site\/wp-json\/wp\/v2\/posts\/1582\/revisions"}],"wp:attachment":[{"href":"https:\/\/redelucymontoro.org.br\/site\/wp-json\/wp\/v2\/media?parent=1582"}],"wp:term":[{"taxonomy":"category","embeddable":true,"href":"https:\/\/redelucymontoro.org.br\/site\/wp-json\/wp\/v2\/categories?post=1582"},{"taxonomy":"post_tag","embeddable":true,"href":"https:\/\/redelucymontoro.org.br\/site\/wp-json\/wp\/v2\/tags?post=1582"}],"curies":[{"name":"wp","href":"https:\/\/api.w.org\/{rel}","templated":true}]}}