{"id":1575,"date":"2021-12-07T18:19:09","date_gmt":"2021-12-07T18:19:09","guid":{"rendered":"https:\/\/situati.net.br\/new\/residentes-do-prohasa-visitam-o-imrea-vila-mariana\/"},"modified":"2024-04-02T21:20:15","modified_gmt":"2024-04-03T00:20:15","slug":"residentes-do-prohasa-visitam-o-imrea-vila-mariana","status":"publish","type":"post","link":"https:\/\/redelucymontoro.org.br\/site\/residentes-do-prohasa-visitam-o-imrea-vila-mariana\/","title":{"rendered":"Residentes do Prohasa visitam o IMREA Vila Mariana"},"content":{"rendered":"<p>A nova turma dos residentes do Prohasa (Programa de Estudos Avan\u00e7ados em Administra\u00e7\u00e3o Hospitalar e de Sistemas de Sa\u00fade do HC em parceria com a FMUSP e FGV) esteve no IMREA Vila Mariana em 6 de dezembro.<\/p>\n<p><!--more--><\/p>\n<p>Durante a visita, os alunos puderam conhecer os programas de reabilita\u00e7\u00e3o em Ambulat\u00f3rio e Interna\u00e7\u00e3o, al\u00e9m das tecnologias rob\u00f3ticas para membros superiores e inferiores, a \u00e1rea de Bioengernharia que desenvolve projetos em tecnologias assistivas e os setores de Pesquisa, Diagn\u00f3stico e Tratamento em neuromodula\u00e7\u00e3o para les\u00f5es encef\u00e1licas.<\/p>\n<p>Ap\u00f3s a visita, todos se reuniram com a Dra. Marianne Tateishi, diretora m\u00e9dica do IMREA Vila Mariana.<\/p>\n<p>&#8220;A visita foi de grande import\u00e2ncia para n\u00f3s, que realizamos resid\u00eancia em gest\u00e3o hospitalar, para que pud\u00e9ssemos entender os processos e protocolos do IMREA nos atendimentos aos pacientes dentro dos programas oferecidos na \u00e1rea da reabilita\u00e7\u00e3o&#8221;, comentou Lais Komatsu, residente do Prohasa.<br \/><img decoding=\"async\" class=\" size-full wp-image-1574\" src=\"https:\/\/redelucymontoro.org.br\/site\/wp-content\/uploads\/2021\/12\/prohasa3-601.jpg\" alt=\"prohasa3\" \/><br \/><em>Legenda da Foto: da esquerda para \u00e0 direita: a Dra. Marianne Tateishi com os residentes: La\u00eds Komatsu, Vitor Amaral e Jo\u00e3o Gabriel Zanetti.<\/em><\/p>\n","protected":false},"excerpt":{"rendered":"","protected":false},"author":3,"featured_media":1574,"comment_status":"closed","ping_status":"closed","sticky":false,"template":"","format":"standard","meta":{"_acf_changed":false,"inline_featured_image":false,"footnotes":""},"categories":[9],"tags":[],"class_list":["post-1575","post","type-post","status-publish","format-standard","has-post-thumbnail","hentry","category-noticias"],"acf":[],"_links":{"self":[{"href":"https:\/\/redelucymontoro.org.br\/site\/wp-json\/wp\/v2\/posts\/1575","targetHints":{"allow":["GET"]}}],"collection":[{"href":"https:\/\/redelucymontoro.org.br\/site\/wp-json\/wp\/v2\/posts"}],"about":[{"href":"https:\/\/redelucymontoro.org.br\/site\/wp-json\/wp\/v2\/types\/post"}],"author":[{"embeddable":true,"href":"https:\/\/redelucymontoro.org.br\/site\/wp-json\/wp\/v2\/users\/3"}],"replies":[{"embeddable":true,"href":"https:\/\/redelucymontoro.org.br\/site\/wp-json\/wp\/v2\/comments?post=1575"}],"version-history":[{"count":0,"href":"https:\/\/redelucymontoro.org.br\/site\/wp-json\/wp\/v2\/posts\/1575\/revisions"}],"wp:featuredmedia":[{"embeddable":true,"href":"https:\/\/redelucymontoro.org.br\/site\/wp-json\/wp\/v2\/media\/1574"}],"wp:attachment":[{"href":"https:\/\/redelucymontoro.org.br\/site\/wp-json\/wp\/v2\/media?parent=1575"}],"wp:term":[{"taxonomy":"category","embeddable":true,"href":"https:\/\/redelucymontoro.org.br\/site\/wp-json\/wp\/v2\/categories?post=1575"},{"taxonomy":"post_tag","embeddable":true,"href":"https:\/\/redelucymontoro.org.br\/site\/wp-json\/wp\/v2\/tags?post=1575"}],"curies":[{"name":"wp","href":"https:\/\/api.w.org\/{rel}","templated":true}]}}