{"id":1573,"date":"2021-12-06T14:24:38","date_gmt":"2021-12-06T14:24:38","guid":{"rendered":"https:\/\/situati.net.br\/new\/pacientes-do-imrea-sao-convidados-para-a-rodada-inclusiva\/"},"modified":"2024-04-02T21:20:15","modified_gmt":"2024-04-03T00:20:15","slug":"pacientes-do-imrea-sao-convidados-para-a-rodada-inclusiva","status":"publish","type":"post","link":"https:\/\/redelucymontoro.org.br\/site\/pacientes-do-imrea-sao-convidados-para-a-rodada-inclusiva\/","title":{"rendered":"Pacientes do IMREA s\u00e3o convidados para a Rodada Inclusiva"},"content":{"rendered":"<p>No dia 04 de dezembro, aconteceu a Rodada Inclusiva, desfile de autom\u00f3veis antigos pela Avenida Paulista. Em comemora\u00e7\u00e3o ao Dia Internacional da Pessoa com Defici\u00eancia, foram convidados os pacientes do IMREA para o desfile, com posterior visita ao Centro de Opera\u00e7\u00f5es do Metr\u00f4 de S\u00e3o Paulo.<\/p>\n<p><!--more--><\/p>\n<p>Os carros antigos, conduzidos pelos respectivos colecionadores, partiram do estacionamento do IMREA Mariana pela manh\u00e3 e o trajeto incluiu uma parada no Centro de Opera\u00e7\u00f5es do Metr\u00f4 de SP, para que os participantes do evento conhecessem como funciona o controle do tr\u00e1fego dos trens e tamb\u00e9m tirassem d\u00favidas sobre o atendimento \u00e0 pessoa com defici\u00eancia nas esta\u00e7\u00f5es.<\/p>\n<p>&#8220;O evento proporcionou aos participantes uma experi\u00eancia diferente, com um passeio em carros antigos para resgatarem tanto a hist\u00f3ria do automobilismo como da Avenida Paulista, que completou 130 anos na mesma data&#8221;, comentou Marco Pellegrini, um dos articuladores do evento.<\/p>\n<p>&#8220;Foi uma surpresa enorme para n\u00f3s, pacientes da Rede Lucy Montoro, poder vivenciar esta experi\u00eancia incr\u00edvel de sair da Institui\u00e7\u00e3o de maneira segura para passear em carros antigos&#8221;, finalizou Mateus Pereira Dias Hernandez, paciente do IMREA Vila Mariana. &#8220;Pude conhecer pessoas novas e maravilhosas, al\u00e9m de visitar o Centro de Opera\u00e7\u00f5es do Metr\u00f4 e descobrir a excel\u00eancia do tratamento que os colaboradores nos proporcionam\u201d.<\/p>\n<p><img decoding=\"async\" class=\" size-full wp-image-1568\" src=\"https:\/\/redelucymontoro.org.br\/site\/wp-content\/uploads\/2021\/12\/rodada7-ff0.jpg\" alt=\"rodada7\" \/><\/p>\n<p><img decoding=\"async\" class=\" size-full wp-image-1569\" src=\"https:\/\/redelucymontoro.org.br\/site\/wp-content\/uploads\/2021\/12\/rodada1-704.jpg\" alt=\"rodada1\" \/><\/p>\n<p><img decoding=\"async\" class=\" size-full wp-image-1570\" src=\"https:\/\/redelucymontoro.org.br\/site\/wp-content\/uploads\/2021\/12\/rodada3-0a8.jpg\" alt=\"rodada3\" \/><\/p>\n<p><img decoding=\"async\" class=\" size-full wp-image-1571\" src=\"https:\/\/redelucymontoro.org.br\/site\/wp-content\/uploads\/2021\/12\/rodada_5-b49.jpg\" alt=\"rodada 5\" \/><\/p>\n<p><img decoding=\"async\" class=\" size-full wp-image-1572\" src=\"https:\/\/redelucymontoro.org.br\/site\/wp-content\/uploads\/2021\/12\/rodada6-c26.jpg\" alt=\"rodada6\" \/><\/p>\n","protected":false},"excerpt":{"rendered":"","protected":false},"author":2,"featured_media":1568,"comment_status":"closed","ping_status":"closed","sticky":false,"template":"","format":"standard","meta":{"_acf_changed":false,"inline_featured_image":false,"footnotes":""},"categories":[9],"tags":[],"class_list":["post-1573","post","type-post","status-publish","format-standard","has-post-thumbnail","hentry","category-noticias"],"acf":[],"_links":{"self":[{"href":"https:\/\/redelucymontoro.org.br\/site\/wp-json\/wp\/v2\/posts\/1573","targetHints":{"allow":["GET"]}}],"collection":[{"href":"https:\/\/redelucymontoro.org.br\/site\/wp-json\/wp\/v2\/posts"}],"about":[{"href":"https:\/\/redelucymontoro.org.br\/site\/wp-json\/wp\/v2\/types\/post"}],"author":[{"embeddable":true,"href":"https:\/\/redelucymontoro.org.br\/site\/wp-json\/wp\/v2\/users\/2"}],"replies":[{"embeddable":true,"href":"https:\/\/redelucymontoro.org.br\/site\/wp-json\/wp\/v2\/comments?post=1573"}],"version-history":[{"count":0,"href":"https:\/\/redelucymontoro.org.br\/site\/wp-json\/wp\/v2\/posts\/1573\/revisions"}],"wp:featuredmedia":[{"embeddable":true,"href":"https:\/\/redelucymontoro.org.br\/site\/wp-json\/wp\/v2\/media\/1568"}],"wp:attachment":[{"href":"https:\/\/redelucymontoro.org.br\/site\/wp-json\/wp\/v2\/media?parent=1573"}],"wp:term":[{"taxonomy":"category","embeddable":true,"href":"https:\/\/redelucymontoro.org.br\/site\/wp-json\/wp\/v2\/categories?post=1573"},{"taxonomy":"post_tag","embeddable":true,"href":"https:\/\/redelucymontoro.org.br\/site\/wp-json\/wp\/v2\/tags?post=1573"}],"curies":[{"name":"wp","href":"https:\/\/api.w.org\/{rel}","templated":true}]}}