{"id":1567,"date":"2021-12-02T15:45:05","date_gmt":"2021-12-02T15:45:05","guid":{"rendered":"https:\/\/situati.net.br\/new\/imrea-vila-mariana-recebe-visita-da-dra-silvia-hermes\/"},"modified":"2024-04-02T21:20:15","modified_gmt":"2024-04-03T00:20:15","slug":"imrea-vila-mariana-recebe-visita-da-dra-silvia-hermes","status":"publish","type":"post","link":"https:\/\/redelucymontoro.org.br\/site\/imrea-vila-mariana-recebe-visita-da-dra-silvia-hermes\/","title":{"rendered":"IMREA Vila Mariana recebe visita da Dra. Silvia Hermes"},"content":{"rendered":"<p>No dia 25 de novembro, a Dra.&nbsp;<span style=\"margin: 0px; padding: 0px; border: 0px; outline: 0px; vertical-align: baseline; background: transparent;\">Silvia<\/span>&nbsp;Neila Cintra&nbsp;<span style=\"margin: 0px; padding: 0px; border: 0px; outline: 0px; vertical-align: baseline; background: transparent;\">Hermes<\/span>, neuropediatra de Manaus, que ficou internada no IMREA Vila Mariana com sequelas da COVID-19, veio \u00e0 S\u00e3o Paulo&nbsp; para visitar e agradecer pessoalmente os profissionais que a atenderam durante o programa de reabilita\u00e7\u00e3o.<\/p>\n<p><!--more--><\/p>\n<p>A Dra.&nbsp;<span style=\"margin: 0px; padding: 0px; border: 0px; outline: 0px; vertical-align: baseline; background: transparent;\">Silvia<\/span>, esteve em todos os setores e relembrou momentos emocionantes de quando estava se reabilitando. Ela encontrou muitos profissionais que fizeram parte desta jornada e emocionada recitou a eles um texto que preparou carinhosamente para a ocasi\u00e3o:<\/p>\n<p>&#8220;Vim aqui direto de Manaus para agradecer todo carinho, dedica\u00e7\u00e3o e paci\u00eancia de todos voc\u00eas para comigo.&nbsp;Em fevereiro deste ano, a COVID me atacou e passei por uma jornada de dois hospitais, at\u00e9 chegar no IMREA Vila Mariana. Aqui aprendi a viver novamente: sentar, andar, tomar banho e ser quem sou:&nbsp;<span style=\"margin: 0px; padding: 0px; border: 0px; outline: 0px; vertical-align: baseline; background: transparent;\">Silvia<\/span>&nbsp;<span style=\"margin: 0px; padding: 0px; border: 0px; outline: 0px; vertical-align: baseline; background: transparent;\">Hermes<\/span>, m\u00e9dica pediatra e neonatal. Sou vencedora e parte desta vit\u00f3ria, devo \u00e0 voc\u00eas&#8221;, lembrou a Dra.&nbsp;<span style=\"margin: 0px; padding: 0px; border: 0px; outline: 0px; vertical-align: baseline; background: transparent;\">Silvia<\/span>.<\/p>\n<p>Os profissionais retribu\u00edram o carinho com muitos elogios a essa nova fase da paciente.<\/p>\n<p>&#8220;Que lindo v\u00ea-la bem, alegre, disposta e pronta para viver a vida de forma intensa, aproveitando cada minuto com muita sa\u00fade e realizando todos os seus sonhos e suas vontades. N\u00e3o perca nunca seu amor \u00e0 vida, porque nada mais ir\u00e1 te derrubar&#8221;, comentou Marcia Cristina Martins de Paiva, fisioterapeuta do IMREA Vila Mariana.<\/p>\n<p><img decoding=\"async\" class=\" size-full wp-image-1565\" src=\"https:\/\/redelucymontoro.org.br\/site\/wp-content\/uploads\/2021\/12\/silvia4-d84.jpg\" alt=\"silvia4\" \/><\/p>\n<p><img decoding=\"async\" class=\" size-full wp-image-1566\" src=\"https:\/\/redelucymontoro.org.br\/site\/wp-content\/uploads\/2021\/12\/silvia_5-87f.jpg\" alt=\"silvia 5\" \/><\/p>\n","protected":false},"excerpt":{"rendered":"","protected":false},"author":3,"featured_media":1565,"comment_status":"closed","ping_status":"closed","sticky":false,"template":"","format":"standard","meta":{"_acf_changed":false,"inline_featured_image":false,"footnotes":""},"categories":[9],"tags":[],"class_list":["post-1567","post","type-post","status-publish","format-standard","has-post-thumbnail","hentry","category-noticias"],"acf":[],"_links":{"self":[{"href":"https:\/\/redelucymontoro.org.br\/site\/wp-json\/wp\/v2\/posts\/1567","targetHints":{"allow":["GET"]}}],"collection":[{"href":"https:\/\/redelucymontoro.org.br\/site\/wp-json\/wp\/v2\/posts"}],"about":[{"href":"https:\/\/redelucymontoro.org.br\/site\/wp-json\/wp\/v2\/types\/post"}],"author":[{"embeddable":true,"href":"https:\/\/redelucymontoro.org.br\/site\/wp-json\/wp\/v2\/users\/3"}],"replies":[{"embeddable":true,"href":"https:\/\/redelucymontoro.org.br\/site\/wp-json\/wp\/v2\/comments?post=1567"}],"version-history":[{"count":0,"href":"https:\/\/redelucymontoro.org.br\/site\/wp-json\/wp\/v2\/posts\/1567\/revisions"}],"wp:featuredmedia":[{"embeddable":true,"href":"https:\/\/redelucymontoro.org.br\/site\/wp-json\/wp\/v2\/media\/1565"}],"wp:attachment":[{"href":"https:\/\/redelucymontoro.org.br\/site\/wp-json\/wp\/v2\/media?parent=1567"}],"wp:term":[{"taxonomy":"category","embeddable":true,"href":"https:\/\/redelucymontoro.org.br\/site\/wp-json\/wp\/v2\/categories?post=1567"},{"taxonomy":"post_tag","embeddable":true,"href":"https:\/\/redelucymontoro.org.br\/site\/wp-json\/wp\/v2\/tags?post=1567"}],"curies":[{"name":"wp","href":"https:\/\/api.w.org\/{rel}","templated":true}]}}