{"id":1564,"date":"2021-12-02T15:33:48","date_gmt":"2021-12-02T15:33:48","guid":{"rendered":"https:\/\/situati.net.br\/new\/projeto-lucy-em-acao-leva-pacientes-para-uma-experiencia-inovadora\/"},"modified":"2024-04-02T21:20:15","modified_gmt":"2024-04-03T00:20:15","slug":"projeto-lucy-em-acao-leva-pacientes-para-uma-experiencia-inovadora","status":"publish","type":"post","link":"https:\/\/redelucymontoro.org.br\/site\/projeto-lucy-em-acao-leva-pacientes-para-uma-experiencia-inovadora\/","title":{"rendered":"Projeto Lucy em A\u00e7\u00e3o leva pacientes para uma experi\u00eancia inovadora"},"content":{"rendered":"<p><span style=\"font-family: Arial, sans-serif;\">Em comemora\u00e7\u00e3o ao Dia Internacional da Pessoa com Defici\u00eancia, celebrado em 03 de dezembro, o Projeto Lucy em A\u00e7\u00e3o realizou uma parceria com a mais nova atra\u00e7\u00e3o tur\u00edstica da cidade de S\u00e3o Paulo, o Sampa Sky.<\/span>&nbsp;<\/p>\n<p><!--more--><\/p>\n<p><span style=\"font-family: Arial, sans-serif;\">Localizado no&nbsp;42\u00ba andar do edif\u00edcio Mirante do Vale (centro de S\u00e3o Paulo), considerado o mais alto da cidade, a atra\u00e7\u00e3o proporciona aos visitantes a sensa\u00e7\u00e3o \u00fanica e in\u00e9dita de pisar sobre o centro de S\u00e3o Paulo a 150 metros de altura.&nbsp;<\/span><span style=\"font-family: Arial, sans-serif; color: black;\">O Projeto promoveu a visita de pacientes da Rede Lucy \u00e0 atra\u00e7\u00e3o, como forma de refor\u00e7ar a import\u00e2ncia do acesso das pessoas com defici\u00eancia \u00e0s atividades culturais na cidade.<\/span><\/p>\n<p><span style=\"font-family: Arial, sans-serif; color: black;\">&#8220;A parceria com a Rede Lucy Montoro nos deixou agraciados pela chance de poder participar e proporcionar um momento t\u00e3o importante n\u00e3o somente aos pacientes, mas tamb\u00e9m a n\u00f3s\u201d, comentou Patricia&nbsp;Spagnuolo, diretora da atra\u00e7\u00e3o Sampa Sky. \u201cTemos gratid\u00e3o por estar comemorando junto com eles um dia t\u00e3o importante e realmente queremos, daqui para frente, estar cada vez mais pr\u00f3ximos \u00e0 Rede Lucy Montoro, para que possamos contribuir cada vez mais com esse projeto maravilhoso!&#8221;, complementou Patr\u00edcia.<\/span><\/p>\n<p><span style=\"font-family: Arial, sans-serif; color: black;\">Os pacientes foram muito bem recepcionados, n\u00e3o encontraram barreiras arquitet\u00f4nicas ou atitudinais, e aproveitaram a manh\u00e3 para fazerem fotos incr\u00edveis e divertidas, nas mais variadas poses.&nbsp;<\/span><\/p>\n<p><span style=\"font-family: Arial, sans-serif; color: black;\">&#8220;Quando recebi&nbsp;o convite para vir ao Sampa Sky eu n\u00e3o imaginava que fosse t\u00e3o maravilhoso! A acessibilidade \u00e9 \u00f3tima para uma pessoa com defici\u00eancia e o lugar \u00e9 lindo para tirar fotos incr\u00edveis, amei!\u201d, agradeceu a paciente Cleuza Rodrigues. \u201cPassamos uma manh\u00e3 linda e especial, com uma experi\u00eancia incr\u00edvel e um carinho que eu n\u00e3o esperava encontrar aqui! Muito obrigada!\u201d, finaliza.<\/span><\/p>\n<p><em><span style=\"font-family: Arial, sans-serif; color: black;\"><img decoding=\"async\" class=\" size-full wp-image-1561\" src=\"https:\/\/redelucymontoro.org.br\/site\/wp-content\/uploads\/2021\/12\/sky5-216.jpg\" alt=\"sky5\" \/><\/span><\/em><\/p>\n<p><img decoding=\"async\" class=\" size-full wp-image-1562\" src=\"https:\/\/redelucymontoro.org.br\/site\/wp-content\/uploads\/2021\/12\/sky7-5ba.jpg\" alt=\"sky7\" \/><\/p>\n<p><img decoding=\"async\" class=\" size-full wp-image-1563\" src=\"https:\/\/redelucymontoro.org.br\/site\/wp-content\/uploads\/2021\/12\/sky8-d9f.jpg\" alt=\"sky8\" \/><\/p>\n<p>&nbsp;<\/p>\n<p>&nbsp;<\/p>\n","protected":false},"excerpt":{"rendered":"","protected":false},"author":3,"featured_media":1561,"comment_status":"closed","ping_status":"closed","sticky":false,"template":"","format":"standard","meta":{"_acf_changed":false,"inline_featured_image":false,"footnotes":""},"categories":[9],"tags":[],"class_list":["post-1564","post","type-post","status-publish","format-standard","has-post-thumbnail","hentry","category-noticias"],"acf":[],"_links":{"self":[{"href":"https:\/\/redelucymontoro.org.br\/site\/wp-json\/wp\/v2\/posts\/1564","targetHints":{"allow":["GET"]}}],"collection":[{"href":"https:\/\/redelucymontoro.org.br\/site\/wp-json\/wp\/v2\/posts"}],"about":[{"href":"https:\/\/redelucymontoro.org.br\/site\/wp-json\/wp\/v2\/types\/post"}],"author":[{"embeddable":true,"href":"https:\/\/redelucymontoro.org.br\/site\/wp-json\/wp\/v2\/users\/3"}],"replies":[{"embeddable":true,"href":"https:\/\/redelucymontoro.org.br\/site\/wp-json\/wp\/v2\/comments?post=1564"}],"version-history":[{"count":0,"href":"https:\/\/redelucymontoro.org.br\/site\/wp-json\/wp\/v2\/posts\/1564\/revisions"}],"wp:featuredmedia":[{"embeddable":true,"href":"https:\/\/redelucymontoro.org.br\/site\/wp-json\/wp\/v2\/media\/1561"}],"wp:attachment":[{"href":"https:\/\/redelucymontoro.org.br\/site\/wp-json\/wp\/v2\/media?parent=1564"}],"wp:term":[{"taxonomy":"category","embeddable":true,"href":"https:\/\/redelucymontoro.org.br\/site\/wp-json\/wp\/v2\/categories?post=1564"},{"taxonomy":"post_tag","embeddable":true,"href":"https:\/\/redelucymontoro.org.br\/site\/wp-json\/wp\/v2\/tags?post=1564"}],"curies":[{"name":"wp","href":"https:\/\/api.w.org\/{rel}","templated":true}]}}