{"id":1406,"date":"2021-01-26T15:46:37","date_gmt":"2021-01-26T15:46:37","guid":{"rendered":"https:\/\/situati.net.br\/new\/imrea-vila-mariana-recebe-visita-dos-residentes-de-medicina-da-santa-casa\/"},"modified":"2024-04-02T21:20:16","modified_gmt":"2024-04-03T00:20:16","slug":"imrea-vila-mariana-recebe-visita-dos-residentes-de-medicina-da-santa-casa","status":"publish","type":"post","link":"https:\/\/redelucymontoro.org.br\/site\/imrea-vila-mariana-recebe-visita-dos-residentes-de-medicina-da-santa-casa\/","title":{"rendered":"IMREA Vila Mariana recebe visita dos residentes de medicina da Santa Casa"},"content":{"rendered":"<p>Em 20 de janeiro, o IMREA Vila Mariana recebeu os residentes de medicina da Santa Casa para uma visita institucional.<\/p>\n<p><!--more--><\/p>\n<p>Durante o tour, eles puderam conhecer as tecnologias rob\u00f3ticas e de neuromodula\u00e7\u00e3o para reabilita\u00e7\u00e3o de pacientes com les\u00f5es medulares e cerebrais. Os residentes tamb\u00e9m conheceram os projetos da \u00e1rea de bioengenharia em tecnologias assistivas.<\/p>\n<p>Ap\u00f3s a visita, o grupo participou de uma conversa com o Dr. Andr\u00e9 Tadeu Sugawara, m\u00e9dico fisiatra do IMREA, sobre as sequelas e a reabilita\u00e7\u00e3o de pacientes que tiveram a COVID-19.<\/p>\n<p>\u201cAs sequelas deixadas pela COVID-19 s\u00e3o respirat\u00f3rias, cardiol\u00f3gicas, renais, neurol\u00f3gicas, m\u00fasculoesquel\u00e9ticas, entre outras. No contexto da reabilita\u00e7\u00e3o, devemos estudar a vida do paciente para entendermos qual o tipo de suporte que ele precisa para se reabilitar e, principalmente, para que ele possa ser inclu\u00eddo novamente na sociedade, da maneira mais independente poss\u00edvel\u201d, explicou o Dr. Andr\u00e9 Sugawara.<\/p>\n<p style=\"text-align: center;\"><img decoding=\"async\" class=\" size-full wp-image-1404\" src=\"https:\/\/redelucymontoro.org.br\/site\/wp-content\/uploads\/2021\/01\/visita_residentes_santacasa02-9d8.jpg\" alt=\"visita residentes santacasa02\" width=\"550\" \/><\/p>\n<p style=\"text-align: center;\"><img decoding=\"async\" class=\" size-full wp-image-1405\" src=\"https:\/\/redelucymontoro.org.br\/site\/wp-content\/uploads\/2021\/01\/visita_residentes_santacasa01-da2.jpg\" alt=\"visita residentes santacasa01\" width=\"550\" \/><\/p>\n","protected":false},"excerpt":{"rendered":"","protected":false},"author":2,"featured_media":1404,"comment_status":"closed","ping_status":"closed","sticky":false,"template":"","format":"standard","meta":{"_acf_changed":false,"inline_featured_image":false,"footnotes":""},"categories":[9],"tags":[],"class_list":["post-1406","post","type-post","status-publish","format-standard","has-post-thumbnail","hentry","category-noticias"],"acf":[],"_links":{"self":[{"href":"https:\/\/redelucymontoro.org.br\/site\/wp-json\/wp\/v2\/posts\/1406","targetHints":{"allow":["GET"]}}],"collection":[{"href":"https:\/\/redelucymontoro.org.br\/site\/wp-json\/wp\/v2\/posts"}],"about":[{"href":"https:\/\/redelucymontoro.org.br\/site\/wp-json\/wp\/v2\/types\/post"}],"author":[{"embeddable":true,"href":"https:\/\/redelucymontoro.org.br\/site\/wp-json\/wp\/v2\/users\/2"}],"replies":[{"embeddable":true,"href":"https:\/\/redelucymontoro.org.br\/site\/wp-json\/wp\/v2\/comments?post=1406"}],"version-history":[{"count":0,"href":"https:\/\/redelucymontoro.org.br\/site\/wp-json\/wp\/v2\/posts\/1406\/revisions"}],"wp:featuredmedia":[{"embeddable":true,"href":"https:\/\/redelucymontoro.org.br\/site\/wp-json\/wp\/v2\/media\/1404"}],"wp:attachment":[{"href":"https:\/\/redelucymontoro.org.br\/site\/wp-json\/wp\/v2\/media?parent=1406"}],"wp:term":[{"taxonomy":"category","embeddable":true,"href":"https:\/\/redelucymontoro.org.br\/site\/wp-json\/wp\/v2\/categories?post=1406"},{"taxonomy":"post_tag","embeddable":true,"href":"https:\/\/redelucymontoro.org.br\/site\/wp-json\/wp\/v2\/tags?post=1406"}],"curies":[{"name":"wp","href":"https:\/\/api.w.org\/{rel}","templated":true}]}}