{"id":12973,"date":"2026-04-29T12:48:58","date_gmt":"2026-04-29T15:48:58","guid":{"rendered":"https:\/\/redelucymontoro.org.br\/site\/?p=12973"},"modified":"2026-04-29T12:49:29","modified_gmt":"2026-04-29T15:49:29","slug":"o-imrea-hcfmusp-e-destaque-no-30o-congresso-brasileiro-de-medicina-fisica-e-reabilitacao","status":"publish","type":"post","link":"https:\/\/redelucymontoro.org.br\/site\/o-imrea-hcfmusp-e-destaque-no-30o-congresso-brasileiro-de-medicina-fisica-e-reabilitacao\/","title":{"rendered":"O IMREA HCFMUSP \u00c9 DESTAQUE NO 30\u00ba Congresso Brasileiro de Medicina F\u00edsica e Reabilita\u00e7\u00e3o"},"content":{"rendered":"\n<p>O 30\u00b0 Congresso Brasileiro de Medicina F\u00edsica e Reabilita\u00e7\u00e3o aconteceu de 17 a 19 de abril de 2026, em Santos (SP), e reuniu cerca de 800 expositores. Contou com v\u00e1rias autoridades e personalidades de destaque, refer\u00eancias em reabilita\u00e7\u00e3o no \u00e2mbito nacional. Foi uma oportunidade \u00edmpar para reciclagem de conhecimentos e aprendizados.<\/p>\n\n\n\n<p>A abertura do evento, na noite de 17 de abril, contou com algumas participa\u00e7\u00f5es especiais. A presidente do Conselho Diretor do Instituto de Medicina F\u00edsica e Reabilita\u00e7\u00e3o do Hospital das Cl\u00ednicas da Faculdade de Medicina da USP \u2013 IMREA HC FMUSP, prof. Dra. Linamara Rizzo Battistella abriu oficialmente o Congresso ao lado do autor do Projeto de Lei n\u00ba 4863\/2025, o deputado Weliton Prado, que visa instituir a Pol\u00edtica Nacional de Reabilita\u00e7\u00e3o (PNR), e tamb\u00e9m de Claudio Corr\u00eaa, consultor em pol\u00edtica de sa\u00fade, e do m\u00e9dico Dr. Daniel Marconi, da Diretoria do Hospital de Amor, de Ribeir\u00e3o Preto, al\u00e9m do Dr. Celso Vilella Matos, presidente da Associa\u00e7\u00e3o Brasileira de Medicina F\u00edsica e Reabilita\u00e7\u00e3o (ABMFR).<\/p>\n\n\n\n<p>O \u201cPL da Reabilita\u00e7\u00e3o\u201d, como est\u00e1 sendo chamado, foca na reabilita\u00e7\u00e3o integral, precoce e cont\u00ednua de pessoas com defici\u00eancia ou limita\u00e7\u00e3o funcional. Em tramita\u00e7\u00e3o na Assembleia Legislativa federal, busca organizar a rede de atendimento em reabilita\u00e7\u00e3o no SUS, garantir acesso universal e promover a sa\u00fade e inclus\u00e3o social dos pacientes com os cuidados das equipes de Medicina e Reabilita\u00e7\u00e3o.<\/p>\n\n\n\n<p>O deputado Weliton Prado destacou a import\u00e2ncia da atua\u00e7\u00e3o do M\u00e9dico Fisiatra e da equipe multidisciplinar de reabilita\u00e7\u00e3o para que o paciente possa alcan\u00e7ar vida plena. \u201cSer\u00e1 uma pol\u00edtica revolucion\u00e1ria\u201d, definiu o deputado.<\/p>\n\n\n\n<p><strong>TERMOGRAFIA<\/strong><\/p>\n\n\n\n<p>Outro destaque na programa\u00e7\u00e3o do 30\u00b0 Congresso Brasileiro de Medicina F\u00edsica e Reabilita\u00e7\u00e3o foi o painel \u201cTermografia na Reabilita\u00e7\u00e3o\u201d, cuja origem remonta a s\u00e9culos passados, mas vem evoluindo e se aprimorando cada vez mais, para benef\u00edcio do paciente.<\/p>\n\n\n\n<p>A Termografia na Reabilita\u00e7\u00e3o \u00e9 uma ferramenta diagn\u00f3stica n\u00e3o invasiva e sem radia\u00e7\u00e3o, que mapeia a temperatura da pele, detectando inflama\u00e7\u00f5es, sobrecargas musculoesquel\u00e9ticas, altera\u00e7\u00f5es circulat\u00f3rias e principalmente a intensidade da dor.<br>O painel foi coordenado pela m\u00e9dica fisiatra, a Dra. Luciane Balbinot, que contou com a participa\u00e7\u00e3o da professora Linamara Battistella e tamb\u00e9m do m\u00e9dico fisiatra Rodrigo de Almeida Prado. Foram apresentados: &#8220;As bases da termografia cl\u00ednica e correla\u00e7\u00e3o com demais exames diagn\u00f3sticos&#8221;; &#8220;A import\u00e2ncia da termografia cl\u00ednica para o m\u00e9dico fisiatra&#8221;; &#8220;A Intelig\u00eancia Artificial aplicada \u00e0 Termografia&#8221; e a &#8220;Termografia aplicada em per\u00edcias m\u00e9dicas&#8221; como subtemas do painel.<\/p>\n\n\n\n<p>Os expositores destacaram que a Termografia \u00e9 um instrumento que pode auxiliar na identifica\u00e7\u00e3o de \u00e1reas dolorosas, monitorar a evolu\u00e7\u00e3o do tratamento e permitir interven\u00e7\u00f5es precoces e personalizadas. \u201cMuito \u00fatil na avalia\u00e7\u00e3o de condi\u00e7\u00f5es cr\u00f4nicas como fibromialgia, dores miofasciais e neurop\u00e1ticas\u201d, destacou a professora Linamara.<br>Na pr\u00e1tica, a Termografia funciona com uma c\u00e2mera infravermelha, que capta a emiss\u00e3o de calor do corpo, gerando termogramas (imagens) que mostram assimetrias de temperatura, o que pode indicar disfun\u00e7\u00f5es do sistema nervoso simp\u00e1tico, les\u00f5es articulares ou problemas vasculares. H\u00e1 muitos benef\u00edcios com o uso da Termografia e esse tema nunca se esgota.<br><br>Confira as fotos:<\/p>\n\n\n\n<figure class=\"wp-block-image size-large is-resized\"><img fetchpriority=\"high\" decoding=\"async\" width=\"771\" height=\"1024\" src=\"https:\/\/redelucymontoro.org.br\/site\/wp-content\/uploads\/2026\/04\/WhatsApp-Image-2026-04-28-at-18.42.55-771x1024.jpeg\" alt=\"\" class=\"wp-image-12975\" style=\"aspect-ratio:0.7529411764705882;width:469px;height:auto\" srcset=\"https:\/\/redelucymontoro.org.br\/site\/wp-content\/uploads\/2026\/04\/WhatsApp-Image-2026-04-28-at-18.42.55-771x1024.jpeg 771w, https:\/\/redelucymontoro.org.br\/site\/wp-content\/uploads\/2026\/04\/WhatsApp-Image-2026-04-28-at-18.42.55-226x300.jpeg 226w, https:\/\/redelucymontoro.org.br\/site\/wp-content\/uploads\/2026\/04\/WhatsApp-Image-2026-04-28-at-18.42.55-768x1021.jpeg 768w, https:\/\/redelucymontoro.org.br\/site\/wp-content\/uploads\/2026\/04\/WhatsApp-Image-2026-04-28-at-18.42.55-1156x1536.jpeg 1156w, https:\/\/redelucymontoro.org.br\/site\/wp-content\/uploads\/2026\/04\/WhatsApp-Image-2026-04-28-at-18.42.55.jpeg 1204w\" sizes=\"(max-width: 771px) 100vw, 771px\" \/><\/figure>\n\n\n\n<p><\/p>\n\n\n\n<figure class=\"wp-block-image size-large is-resized\"><img decoding=\"async\" width=\"1024\" height=\"771\" src=\"https:\/\/redelucymontoro.org.br\/site\/wp-content\/uploads\/2026\/04\/WhatsApp-Image-2026-04-28-at-18.42.58-1024x771.jpeg\" alt=\"\" class=\"wp-image-12976\" style=\"width:464px;height:auto\" srcset=\"https:\/\/redelucymontoro.org.br\/site\/wp-content\/uploads\/2026\/04\/WhatsApp-Image-2026-04-28-at-18.42.58-1024x771.jpeg 1024w, https:\/\/redelucymontoro.org.br\/site\/wp-content\/uploads\/2026\/04\/WhatsApp-Image-2026-04-28-at-18.42.58-300x226.jpeg 300w, https:\/\/redelucymontoro.org.br\/site\/wp-content\/uploads\/2026\/04\/WhatsApp-Image-2026-04-28-at-18.42.58-768x578.jpeg 768w, https:\/\/redelucymontoro.org.br\/site\/wp-content\/uploads\/2026\/04\/WhatsApp-Image-2026-04-28-at-18.42.58-1536x1156.jpeg 1536w, https:\/\/redelucymontoro.org.br\/site\/wp-content\/uploads\/2026\/04\/WhatsApp-Image-2026-04-28-at-18.42.58.jpeg 1600w\" sizes=\"(max-width: 1024px) 100vw, 1024px\" \/><\/figure>\n\n\n\n<p><\/p>\n\n\n\n<figure class=\"wp-block-image size-large is-resized\"><img decoding=\"async\" width=\"771\" height=\"1024\" src=\"https:\/\/redelucymontoro.org.br\/site\/wp-content\/uploads\/2026\/04\/WhatsApp-Image-2026-04-28-at-18.42.59-771x1024.jpeg\" alt=\"\" class=\"wp-image-12977\" style=\"width:467px;height:auto\" srcset=\"https:\/\/redelucymontoro.org.br\/site\/wp-content\/uploads\/2026\/04\/WhatsApp-Image-2026-04-28-at-18.42.59-771x1024.jpeg 771w, https:\/\/redelucymontoro.org.br\/site\/wp-content\/uploads\/2026\/04\/WhatsApp-Image-2026-04-28-at-18.42.59-226x300.jpeg 226w, https:\/\/redelucymontoro.org.br\/site\/wp-content\/uploads\/2026\/04\/WhatsApp-Image-2026-04-28-at-18.42.59-768x1021.jpeg 768w, https:\/\/redelucymontoro.org.br\/site\/wp-content\/uploads\/2026\/04\/WhatsApp-Image-2026-04-28-at-18.42.59-1156x1536.jpeg 1156w, https:\/\/redelucymontoro.org.br\/site\/wp-content\/uploads\/2026\/04\/WhatsApp-Image-2026-04-28-at-18.42.59.jpeg 1204w\" sizes=\"(max-width: 771px) 100vw, 771px\" \/><\/figure>\n\n\n\n<p><\/p>\n\n\n\n<figure class=\"wp-block-image size-large is-resized\"><img loading=\"lazy\" decoding=\"async\" width=\"1024\" height=\"771\" src=\"https:\/\/redelucymontoro.org.br\/site\/wp-content\/uploads\/2026\/04\/WhatsApp-Image-2026-04-28-at-18.42.58-1-1024x771.jpeg\" alt=\"\" class=\"wp-image-12979\" style=\"width:474px;height:auto\" srcset=\"https:\/\/redelucymontoro.org.br\/site\/wp-content\/uploads\/2026\/04\/WhatsApp-Image-2026-04-28-at-18.42.58-1-1024x771.jpeg 1024w, https:\/\/redelucymontoro.org.br\/site\/wp-content\/uploads\/2026\/04\/WhatsApp-Image-2026-04-28-at-18.42.58-1-300x226.jpeg 300w, https:\/\/redelucymontoro.org.br\/site\/wp-content\/uploads\/2026\/04\/WhatsApp-Image-2026-04-28-at-18.42.58-1-768x578.jpeg 768w, https:\/\/redelucymontoro.org.br\/site\/wp-content\/uploads\/2026\/04\/WhatsApp-Image-2026-04-28-at-18.42.58-1-1536x1156.jpeg 1536w, https:\/\/redelucymontoro.org.br\/site\/wp-content\/uploads\/2026\/04\/WhatsApp-Image-2026-04-28-at-18.42.58-1.jpeg 1600w\" sizes=\"(max-width: 1024px) 100vw, 1024px\" \/><\/figure>\n\n\n\n<p><\/p>\n\n\n\n<figure class=\"wp-block-image size-large is-resized\"><img loading=\"lazy\" decoding=\"async\" width=\"1024\" height=\"771\" src=\"https:\/\/redelucymontoro.org.br\/site\/wp-content\/uploads\/2026\/04\/WhatsApp-Image-2026-04-28-at-18.42.58-2-1024x771.jpeg\" alt=\"\" class=\"wp-image-12980\" style=\"width:479px;height:auto\" srcset=\"https:\/\/redelucymontoro.org.br\/site\/wp-content\/uploads\/2026\/04\/WhatsApp-Image-2026-04-28-at-18.42.58-2-1024x771.jpeg 1024w, https:\/\/redelucymontoro.org.br\/site\/wp-content\/uploads\/2026\/04\/WhatsApp-Image-2026-04-28-at-18.42.58-2-300x226.jpeg 300w, https:\/\/redelucymontoro.org.br\/site\/wp-content\/uploads\/2026\/04\/WhatsApp-Image-2026-04-28-at-18.42.58-2-768x578.jpeg 768w, https:\/\/redelucymontoro.org.br\/site\/wp-content\/uploads\/2026\/04\/WhatsApp-Image-2026-04-28-at-18.42.58-2-1536x1156.jpeg 1536w, https:\/\/redelucymontoro.org.br\/site\/wp-content\/uploads\/2026\/04\/WhatsApp-Image-2026-04-28-at-18.42.58-2.jpeg 1600w\" sizes=\"(max-width: 1024px) 100vw, 1024px\" \/><\/figure>\n\n\n\n<p><\/p>\n\n\n\n<figure class=\"wp-block-image size-large is-resized\"><img loading=\"lazy\" decoding=\"async\" width=\"1024\" height=\"771\" src=\"https:\/\/redelucymontoro.org.br\/site\/wp-content\/uploads\/2026\/04\/WhatsApp-Image-2026-04-28-at-18.42.59-1-1024x771.jpeg\" alt=\"\" class=\"wp-image-12981\" style=\"aspect-ratio:1.3289192736390527;width:479px;height:auto\" srcset=\"https:\/\/redelucymontoro.org.br\/site\/wp-content\/uploads\/2026\/04\/WhatsApp-Image-2026-04-28-at-18.42.59-1-1024x771.jpeg 1024w, https:\/\/redelucymontoro.org.br\/site\/wp-content\/uploads\/2026\/04\/WhatsApp-Image-2026-04-28-at-18.42.59-1-300x226.jpeg 300w, https:\/\/redelucymontoro.org.br\/site\/wp-content\/uploads\/2026\/04\/WhatsApp-Image-2026-04-28-at-18.42.59-1-768x578.jpeg 768w, https:\/\/redelucymontoro.org.br\/site\/wp-content\/uploads\/2026\/04\/WhatsApp-Image-2026-04-28-at-18.42.59-1-1536x1156.jpeg 1536w, https:\/\/redelucymontoro.org.br\/site\/wp-content\/uploads\/2026\/04\/WhatsApp-Image-2026-04-28-at-18.42.59-1.jpeg 1600w\" sizes=\"(max-width: 1024px) 100vw, 1024px\" \/><\/figure>\n\n\n\n<p><\/p>\n\n\n\n<figure class=\"wp-block-image size-large is-resized\"><img loading=\"lazy\" decoding=\"async\" width=\"1024\" height=\"771\" src=\"https:\/\/redelucymontoro.org.br\/site\/wp-content\/uploads\/2026\/04\/WhatsApp-Image-2026-04-28-at-18.42.54-2-1024x771.jpeg\" alt=\"\" class=\"wp-image-12982\" style=\"aspect-ratio:1.3289192736390527;width:486px;height:auto\" srcset=\"https:\/\/redelucymontoro.org.br\/site\/wp-content\/uploads\/2026\/04\/WhatsApp-Image-2026-04-28-at-18.42.54-2-1024x771.jpeg 1024w, https:\/\/redelucymontoro.org.br\/site\/wp-content\/uploads\/2026\/04\/WhatsApp-Image-2026-04-28-at-18.42.54-2-300x226.jpeg 300w, https:\/\/redelucymontoro.org.br\/site\/wp-content\/uploads\/2026\/04\/WhatsApp-Image-2026-04-28-at-18.42.54-2-768x578.jpeg 768w, https:\/\/redelucymontoro.org.br\/site\/wp-content\/uploads\/2026\/04\/WhatsApp-Image-2026-04-28-at-18.42.54-2-1536x1156.jpeg 1536w, https:\/\/redelucymontoro.org.br\/site\/wp-content\/uploads\/2026\/04\/WhatsApp-Image-2026-04-28-at-18.42.54-2.jpeg 1600w\" sizes=\"(max-width: 1024px) 100vw, 1024px\" \/><\/figure>\n\n\n\n<p><\/p>\n\n\n\n<figure class=\"wp-block-image size-large is-resized\"><img loading=\"lazy\" decoding=\"async\" width=\"1024\" height=\"971\" src=\"https:\/\/redelucymontoro.org.br\/site\/wp-content\/uploads\/2026\/04\/WhatsApp-Image-2026-04-28-at-18.40.10-1024x971.jpeg\" alt=\"\" class=\"wp-image-12983\" style=\"aspect-ratio:1.0545911949685534;width:493px;height:auto\" srcset=\"https:\/\/redelucymontoro.org.br\/site\/wp-content\/uploads\/2026\/04\/WhatsApp-Image-2026-04-28-at-18.40.10-1024x971.jpeg 1024w, https:\/\/redelucymontoro.org.br\/site\/wp-content\/uploads\/2026\/04\/WhatsApp-Image-2026-04-28-at-18.40.10-300x284.jpeg 300w, https:\/\/redelucymontoro.org.br\/site\/wp-content\/uploads\/2026\/04\/WhatsApp-Image-2026-04-28-at-18.40.10-768x728.jpeg 768w, https:\/\/redelucymontoro.org.br\/site\/wp-content\/uploads\/2026\/04\/WhatsApp-Image-2026-04-28-at-18.40.10-1536x1456.jpeg 1536w, https:\/\/redelucymontoro.org.br\/site\/wp-content\/uploads\/2026\/04\/WhatsApp-Image-2026-04-28-at-18.40.10.jpeg 1600w\" sizes=\"(max-width: 1024px) 100vw, 1024px\" \/><\/figure>\n","protected":false},"excerpt":{"rendered":"","protected":false},"author":10,"featured_media":0,"comment_status":"closed","ping_status":"closed","sticky":false,"template":"","format":"standard","meta":{"_acf_changed":false,"inline_featured_image":false,"footnotes":""},"categories":[9],"tags":[],"class_list":["post-12973","post","type-post","status-publish","format-standard","hentry","category-noticias"],"acf":[],"_links":{"self":[{"href":"https:\/\/redelucymontoro.org.br\/site\/wp-json\/wp\/v2\/posts\/12973","targetHints":{"allow":["GET"]}}],"collection":[{"href":"https:\/\/redelucymontoro.org.br\/site\/wp-json\/wp\/v2\/posts"}],"about":[{"href":"https:\/\/redelucymontoro.org.br\/site\/wp-json\/wp\/v2\/types\/post"}],"author":[{"embeddable":true,"href":"https:\/\/redelucymontoro.org.br\/site\/wp-json\/wp\/v2\/users\/10"}],"replies":[{"embeddable":true,"href":"https:\/\/redelucymontoro.org.br\/site\/wp-json\/wp\/v2\/comments?post=12973"}],"version-history":[{"count":2,"href":"https:\/\/redelucymontoro.org.br\/site\/wp-json\/wp\/v2\/posts\/12973\/revisions"}],"predecessor-version":[{"id":12985,"href":"https:\/\/redelucymontoro.org.br\/site\/wp-json\/wp\/v2\/posts\/12973\/revisions\/12985"}],"wp:attachment":[{"href":"https:\/\/redelucymontoro.org.br\/site\/wp-json\/wp\/v2\/media?parent=12973"}],"wp:term":[{"taxonomy":"category","embeddable":true,"href":"https:\/\/redelucymontoro.org.br\/site\/wp-json\/wp\/v2\/categories?post=12973"},{"taxonomy":"post_tag","embeddable":true,"href":"https:\/\/redelucymontoro.org.br\/site\/wp-json\/wp\/v2\/tags?post=12973"}],"curies":[{"name":"wp","href":"https:\/\/api.w.org\/{rel}","templated":true}]}}