{"id":12897,"date":"2026-03-09T09:26:12","date_gmt":"2026-03-09T12:26:12","guid":{"rendered":"https:\/\/redelucymontoro.org.br\/site\/?p=12897"},"modified":"2026-03-09T09:26:14","modified_gmt":"2026-03-09T12:26:14","slug":"profa-dra-linamara-rizzo-battistella-destaca-a-importancia-da-reabilitacao-em-estudos-com-polilaminina","status":"publish","type":"post","link":"https:\/\/redelucymontoro.org.br\/site\/profa-dra-linamara-rizzo-battistella-destaca-a-importancia-da-reabilitacao-em-estudos-com-polilaminina\/","title":{"rendered":"Profa. Dra. Linamara Rizzo Battistella Destaca a Import\u00e2ncia da Reabilita\u00e7\u00e3o em Estudos com Polilaminina"},"content":{"rendered":"<div class=\"wp-block-image\">\n<figure class=\"aligncenter size-large is-resized\"><img fetchpriority=\"high\" decoding=\"async\" width=\"647\" height=\"1024\" src=\"https:\/\/redelucymontoro.org.br\/site\/wp-content\/uploads\/2026\/03\/08-03-26-Folha-de-S.-Paulo-Polilaminina-647x1024.jpeg\" alt=\"\" class=\"wp-image-12898\" style=\"width:962px;height:auto\" srcset=\"https:\/\/redelucymontoro.org.br\/site\/wp-content\/uploads\/2026\/03\/08-03-26-Folha-de-S.-Paulo-Polilaminina-647x1024.jpeg 647w, https:\/\/redelucymontoro.org.br\/site\/wp-content\/uploads\/2026\/03\/08-03-26-Folha-de-S.-Paulo-Polilaminina-190x300.jpeg 190w, https:\/\/redelucymontoro.org.br\/site\/wp-content\/uploads\/2026\/03\/08-03-26-Folha-de-S.-Paulo-Polilaminina-768x1215.jpeg 768w, https:\/\/redelucymontoro.org.br\/site\/wp-content\/uploads\/2026\/03\/08-03-26-Folha-de-S.-Paulo-Polilaminina-971x1536.jpeg 971w, https:\/\/redelucymontoro.org.br\/site\/wp-content\/uploads\/2026\/03\/08-03-26-Folha-de-S.-Paulo-Polilaminina-1295x2048.jpeg 1295w, https:\/\/redelucymontoro.org.br\/site\/wp-content\/uploads\/2026\/03\/08-03-26-Folha-de-S.-Paulo-Polilaminina-scaled.jpeg 1618w\" sizes=\"(max-width: 647px) 100vw, 647px\" \/><\/figure>\n<\/div>","protected":false},"excerpt":{"rendered":"","protected":false},"author":11,"featured_media":0,"comment_status":"closed","ping_status":"closed","sticky":false,"template":"","format":"standard","meta":{"_acf_changed":false,"inline_featured_image":false,"footnotes":""},"categories":[54,9],"tags":[],"class_list":["post-12897","post","type-post","status-publish","format-standard","hentry","category-lucy-na-midia","category-noticias"],"acf":[],"_links":{"self":[{"href":"https:\/\/redelucymontoro.org.br\/site\/wp-json\/wp\/v2\/posts\/12897","targetHints":{"allow":["GET"]}}],"collection":[{"href":"https:\/\/redelucymontoro.org.br\/site\/wp-json\/wp\/v2\/posts"}],"about":[{"href":"https:\/\/redelucymontoro.org.br\/site\/wp-json\/wp\/v2\/types\/post"}],"author":[{"embeddable":true,"href":"https:\/\/redelucymontoro.org.br\/site\/wp-json\/wp\/v2\/users\/11"}],"replies":[{"embeddable":true,"href":"https:\/\/redelucymontoro.org.br\/site\/wp-json\/wp\/v2\/comments?post=12897"}],"version-history":[{"count":1,"href":"https:\/\/redelucymontoro.org.br\/site\/wp-json\/wp\/v2\/posts\/12897\/revisions"}],"predecessor-version":[{"id":12899,"href":"https:\/\/redelucymontoro.org.br\/site\/wp-json\/wp\/v2\/posts\/12897\/revisions\/12899"}],"wp:attachment":[{"href":"https:\/\/redelucymontoro.org.br\/site\/wp-json\/wp\/v2\/media?parent=12897"}],"wp:term":[{"taxonomy":"category","embeddable":true,"href":"https:\/\/redelucymontoro.org.br\/site\/wp-json\/wp\/v2\/categories?post=12897"},{"taxonomy":"post_tag","embeddable":true,"href":"https:\/\/redelucymontoro.org.br\/site\/wp-json\/wp\/v2\/tags?post=12897"}],"curies":[{"name":"wp","href":"https:\/\/api.w.org\/{rel}","templated":true}]}}