{"id":12884,"date":"2026-03-03T17:06:39","date_gmt":"2026-03-03T20:06:39","guid":{"rendered":"https:\/\/redelucymontoro.org.br\/site\/?p=12884"},"modified":"2026-03-03T17:06:39","modified_gmt":"2026-03-03T20:06:39","slug":"imrea-vila-mariana-recepciona-novos-residentes-medicos-multiprofissionais-e-especializandos","status":"publish","type":"post","link":"https:\/\/redelucymontoro.org.br\/site\/imrea-vila-mariana-recepciona-novos-residentes-medicos-multiprofissionais-e-especializandos\/","title":{"rendered":"IMREA Vila Mariana Recepciona Novos Residentes M\u00e9dicos, Multiprofissionais e Especializandos"},"content":{"rendered":"\n<p>No dia 2 de mar\u00e7o, o IMREA Vila Mariana recebeu seus novos residentes m\u00e9dicos, residentes multiprofissionais e especializandos para um momento especial de acolhimento e integra\u00e7\u00e3o \u00e0 Rede Lucy Montoro.<\/p>\n\n\n\n<p>A recep\u00e7\u00e3o marcou o in\u00edcio de uma nova etapa com as turmas que passam a integrar os programas de resid\u00eancia. Ao longo do dia, os participantes puderam conhecer a hist\u00f3ria, os valores e a miss\u00e3o da Rede, al\u00e9m de refletir sobre a import\u00e2ncia da escolha pela reabilita\u00e7\u00e3o como campo de atua\u00e7\u00e3o \u2014 uma \u00e1rea que transforma vidas e amplia possibilidades.<\/p>\n\n\n\n<p>Participaram da recep\u00e7\u00e3o a Profa. Dra. Linamara Rizzo Battistella, Presidente do Conselho Diretor; a Dra. Mariana Carvalho, Diretora de Corpo Cl\u00ednico e Supervisora da Resid\u00eancia em Neurofisiologia; a Dra. Mariane Tateishi, da Diretoria de Corpo Cl\u00ednico; e o Prof. Dr. Andr\u00e9 Tadeu Sugawara, Professor da Faculdade de Medicina da Universidade de S\u00e3o Paulo e Supervisor da Resid\u00eancia M\u00e9dica.<\/p>\n\n\n\n<p>Durante seu discurso de boas-vindas, a Profa. Linamara destacou o papel essencial da reabilita\u00e7\u00e3o e a responsabilidade de cada profissional na constru\u00e7\u00e3o de uma sociedade mais inclusiva: <em>\u201cNa sa\u00fade, o conhecimento se soma para que possamos transformar os desafios de curto prazo em resultados de longo prazo. Mostrar para a sociedade a capacidade que a pessoa com defici\u00eancia tem de se inserir e devolver \u00e0 sociedade, na forma de trabalho, inclus\u00e3o e constru\u00e7\u00e3o de oportunidades, o que recebeu em forma de tratamento.\u201d<\/em><\/p>\n\n\n\n<p>O encontro simbolizou o compromisso com a excel\u00eancia na forma\u00e7\u00e3o de novos profissionais. Que este novo ciclo seja marcado por aprendizado, dedica\u00e7\u00e3o e pelo prop\u00f3sito de promover autonomia, dignidade e qualidade de vida \u00e0s pessoas com defici\u00eancia.<\/p>\n\n\n\n<p>A Rede Lucy Montoro deseja que a jornada de cada residente seja valiosa em experi\u00eancias, trocas e conquistas. Sejam todos bem-vindos.<\/p>\n\n\n\n<p><br><\/p>\n\n\n\n<figure class=\"wp-block-image size-large\"><img fetchpriority=\"high\" decoding=\"async\" width=\"1024\" height=\"682\" src=\"https:\/\/redelucymontoro.org.br\/site\/wp-content\/uploads\/2026\/03\/IMG_7229_Easy-Resize.com_-1024x682.jpg\" alt=\"\" class=\"wp-image-12889\" srcset=\"https:\/\/redelucymontoro.org.br\/site\/wp-content\/uploads\/2026\/03\/IMG_7229_Easy-Resize.com_-1024x682.jpg 1024w, https:\/\/redelucymontoro.org.br\/site\/wp-content\/uploads\/2026\/03\/IMG_7229_Easy-Resize.com_-300x200.jpg 300w, https:\/\/redelucymontoro.org.br\/site\/wp-content\/uploads\/2026\/03\/IMG_7229_Easy-Resize.com_-768x512.jpg 768w, https:\/\/redelucymontoro.org.br\/site\/wp-content\/uploads\/2026\/03\/IMG_7229_Easy-Resize.com_.jpg 1280w\" sizes=\"(max-width: 1024px) 100vw, 1024px\" \/><\/figure>\n\n\n\n<p><br><\/p>\n\n\n\n<figure class=\"wp-block-image size-large\"><img decoding=\"async\" width=\"1024\" height=\"847\" src=\"https:\/\/redelucymontoro.org.br\/site\/wp-content\/uploads\/2026\/03\/6a9eec9c-aa65-4118-888a-4bd7397fbec9_Easy-Resize.com_-1-1024x847.jpg\" alt=\"\" class=\"wp-image-12890\" srcset=\"https:\/\/redelucymontoro.org.br\/site\/wp-content\/uploads\/2026\/03\/6a9eec9c-aa65-4118-888a-4bd7397fbec9_Easy-Resize.com_-1-1024x847.jpg 1024w, https:\/\/redelucymontoro.org.br\/site\/wp-content\/uploads\/2026\/03\/6a9eec9c-aa65-4118-888a-4bd7397fbec9_Easy-Resize.com_-1-300x248.jpg 300w, https:\/\/redelucymontoro.org.br\/site\/wp-content\/uploads\/2026\/03\/6a9eec9c-aa65-4118-888a-4bd7397fbec9_Easy-Resize.com_-1-768x635.jpg 768w, https:\/\/redelucymontoro.org.br\/site\/wp-content\/uploads\/2026\/03\/6a9eec9c-aa65-4118-888a-4bd7397fbec9_Easy-Resize.com_-1.jpg 1280w\" sizes=\"(max-width: 1024px) 100vw, 1024px\" \/><\/figure>\n\n\n\n<p><br><\/p>\n\n\n\n<figure class=\"wp-block-image size-large\"><img decoding=\"async\" width=\"1024\" height=\"682\" src=\"https:\/\/redelucymontoro.org.br\/site\/wp-content\/uploads\/2026\/03\/IMG_7257_Easy-Resize.com_-1024x682.jpg\" alt=\"\" class=\"wp-image-12892\" srcset=\"https:\/\/redelucymontoro.org.br\/site\/wp-content\/uploads\/2026\/03\/IMG_7257_Easy-Resize.com_-1024x682.jpg 1024w, https:\/\/redelucymontoro.org.br\/site\/wp-content\/uploads\/2026\/03\/IMG_7257_Easy-Resize.com_-300x200.jpg 300w, https:\/\/redelucymontoro.org.br\/site\/wp-content\/uploads\/2026\/03\/IMG_7257_Easy-Resize.com_-768x512.jpg 768w, https:\/\/redelucymontoro.org.br\/site\/wp-content\/uploads\/2026\/03\/IMG_7257_Easy-Resize.com_.jpg 1280w\" sizes=\"(max-width: 1024px) 100vw, 1024px\" \/><\/figure>\n\n\n\n<p><br><\/p>\n\n\n\n<figure class=\"wp-block-image size-large\"><img loading=\"lazy\" decoding=\"async\" width=\"1024\" height=\"682\" src=\"https:\/\/redelucymontoro.org.br\/site\/wp-content\/uploads\/2026\/03\/IMG_7295_Easy-Resize.com_-2-1024x682.jpg\" alt=\"\" class=\"wp-image-12893\" srcset=\"https:\/\/redelucymontoro.org.br\/site\/wp-content\/uploads\/2026\/03\/IMG_7295_Easy-Resize.com_-2-1024x682.jpg 1024w, https:\/\/redelucymontoro.org.br\/site\/wp-content\/uploads\/2026\/03\/IMG_7295_Easy-Resize.com_-2-300x200.jpg 300w, https:\/\/redelucymontoro.org.br\/site\/wp-content\/uploads\/2026\/03\/IMG_7295_Easy-Resize.com_-2-768x512.jpg 768w, https:\/\/redelucymontoro.org.br\/site\/wp-content\/uploads\/2026\/03\/IMG_7295_Easy-Resize.com_-2.jpg 1280w\" sizes=\"(max-width: 1024px) 100vw, 1024px\" \/><\/figure>\n\n\n\n<p><br><\/p>\n\n\n\n<figure class=\"wp-block-image size-large\"><img loading=\"lazy\" decoding=\"async\" width=\"1024\" height=\"682\" src=\"https:\/\/redelucymontoro.org.br\/site\/wp-content\/uploads\/2026\/03\/IMG_7345_Easy-Resize.com_-1024x682.jpg\" alt=\"\" class=\"wp-image-12894\" srcset=\"https:\/\/redelucymontoro.org.br\/site\/wp-content\/uploads\/2026\/03\/IMG_7345_Easy-Resize.com_-1024x682.jpg 1024w, https:\/\/redelucymontoro.org.br\/site\/wp-content\/uploads\/2026\/03\/IMG_7345_Easy-Resize.com_-300x200.jpg 300w, https:\/\/redelucymontoro.org.br\/site\/wp-content\/uploads\/2026\/03\/IMG_7345_Easy-Resize.com_-768x512.jpg 768w, https:\/\/redelucymontoro.org.br\/site\/wp-content\/uploads\/2026\/03\/IMG_7345_Easy-Resize.com_.jpg 1280w\" sizes=\"(max-width: 1024px) 100vw, 1024px\" \/><\/figure>\n","protected":false},"excerpt":{"rendered":"","protected":false},"author":11,"featured_media":0,"comment_status":"closed","ping_status":"closed","sticky":false,"template":"","format":"standard","meta":{"_acf_changed":false,"inline_featured_image":false,"footnotes":""},"categories":[9],"tags":[],"class_list":["post-12884","post","type-post","status-publish","format-standard","hentry","category-noticias"],"acf":[],"_links":{"self":[{"href":"https:\/\/redelucymontoro.org.br\/site\/wp-json\/wp\/v2\/posts\/12884","targetHints":{"allow":["GET"]}}],"collection":[{"href":"https:\/\/redelucymontoro.org.br\/site\/wp-json\/wp\/v2\/posts"}],"about":[{"href":"https:\/\/redelucymontoro.org.br\/site\/wp-json\/wp\/v2\/types\/post"}],"author":[{"embeddable":true,"href":"https:\/\/redelucymontoro.org.br\/site\/wp-json\/wp\/v2\/users\/11"}],"replies":[{"embeddable":true,"href":"https:\/\/redelucymontoro.org.br\/site\/wp-json\/wp\/v2\/comments?post=12884"}],"version-history":[{"count":1,"href":"https:\/\/redelucymontoro.org.br\/site\/wp-json\/wp\/v2\/posts\/12884\/revisions"}],"predecessor-version":[{"id":12895,"href":"https:\/\/redelucymontoro.org.br\/site\/wp-json\/wp\/v2\/posts\/12884\/revisions\/12895"}],"wp:attachment":[{"href":"https:\/\/redelucymontoro.org.br\/site\/wp-json\/wp\/v2\/media?parent=12884"}],"wp:term":[{"taxonomy":"category","embeddable":true,"href":"https:\/\/redelucymontoro.org.br\/site\/wp-json\/wp\/v2\/categories?post=12884"},{"taxonomy":"post_tag","embeddable":true,"href":"https:\/\/redelucymontoro.org.br\/site\/wp-json\/wp\/v2\/tags?post=12884"}],"curies":[{"name":"wp","href":"https:\/\/api.w.org\/{rel}","templated":true}]}}