{"id":12808,"date":"2026-01-22T09:18:47","date_gmt":"2026-01-22T12:18:47","guid":{"rendered":"https:\/\/redelucymontoro.org.br\/site\/?p=12808"},"modified":"2026-01-22T09:18:48","modified_gmt":"2026-01-22T12:18:48","slug":"imrea-vila-mariana-celebra-51-anos","status":"publish","type":"post","link":"https:\/\/redelucymontoro.org.br\/site\/imrea-vila-mariana-celebra-51-anos\/","title":{"rendered":"IMREA Vila Mariana Celebra 51 Anos"},"content":{"rendered":"\n<p>No dia 20 de janeiro de 2026, o Instituto de Medicina F\u00edsica e Reabilita\u00e7\u00e3o do Hospital das Cl\u00ednicas da Faculdade de Medicina da Universidade de S\u00e3o Paulo<strong>,\u00a0<\/strong>celebrou seus 51 anos de hist\u00f3ria \u2014 completados em 13 de janeiro de 2026 \u2014 marcando mais de meio s\u00e9culo de dedica\u00e7\u00e3o \u00e0 assist\u00eancia, ao ensino, \u00e0 pesquisa, \u00e0 inova\u00e7\u00e3o e ao avan\u00e7o da Medicina F\u00edsica e Reabilita\u00e7\u00e3o no Brasil.<br><br>A data foi marcada por um momento solene que reuniu importantes autoridades: Dr. Eleuses Paiva, Secret\u00e1rio de Estado da Sa\u00fade; Dr. Gilberto Kassab, Secret\u00e1rio de Governo e Rela\u00e7\u00f5es Institucionais; Dr. Marcos da Costa, Secret\u00e1rio de Estado dos Direitos da Pessoa com Defici\u00eancia; Sr.\u00a0Marco Antonio Pellegrini,\u00a0Coordenador de Mobilidade da Secretaria de Estado dos Direitos da Pessoa com Defici\u00eancia; Eng.\u00a0Ant\u00f4nio Jos\u00e9 Rodrigues Pereira, Superintendente do HCFMUSP; Prof.\u00a0Dr. Edivaldo Massazo Utiyama, Diretor Cl\u00ednico do HCFMUSP;\u00a0Prof. Dr.\u00a0Paulo Manuel P\u00eago Fernandes, Vice-Diretor da FMUSP; Sra. Mara Gabrilli, Senadora da Rep\u00fablica pelo Estado de S\u00e3o Paulo. Tamb\u00e9m estiveram presentes os Diretores M\u00e9dicos e Executivos das unidades da capital e profissionais que, ao longo dessa trajet\u00f3ria, contribu\u00edram para a consolida\u00e7\u00e3o do IMREA como refer\u00eancia nacional e internacional em reabilita\u00e7\u00e3o.<\/p>\n\n\n\n<p><strong>\u201c<em>Poder reunir autoridades para celebrar conosco, trazendo palavras de est\u00edmulo e amizade, \u00e9 uma ocasi\u00e3o hist\u00f3rica\u201d<\/em><\/strong><em>, destacou a Profa. Dra. Linamara Rizzo Battistella.<\/em><\/p>\n\n\n\n<p><strong><em>\u201cN\u00f3s fazemos a diferen\u00e7a para os pacientes. Somos um sistema \u00fanico de sa\u00fade que d\u00e1 certo\u201d<\/em><\/strong>,&nbsp;<em>complementou o superintendente Eng. Ant\u00f4nio Jos\u00e9 Rodrigues Pereira.<\/em><\/p>\n\n\n\n<p>O momento ratificou que uma hist\u00f3ria constru\u00edda ao longo de cinco d\u00e9cadas \u00e9 resultado do trabalho coletivo, da uni\u00e3o entre as equipes e da dedica\u00e7\u00e3o cont\u00ednua ao cuidado de cada paciente atendido.<\/p>\n\n\n\n<p><em>\u201c<strong>Eu me orgulho em afirmar: hoje, n\u00f3s temos o maior centro de reabilita\u00e7\u00e3o da Am\u00e9rica. Aqui fazemos o que existe de melhor no mundo<\/strong>\u201d, ressaltou o Prof. Dr. Edivaldo Massazo Utiyama.<\/em><\/p>\n\n\n\n<p>Durante a celebra\u00e7\u00e3o, o Instituto prestou uma homenagem ao Dr. Gilberto Kassab, em reconhecimento \u00e0 sua inestim\u00e1vel parceria em prol da sa\u00fade, da assist\u00eancia p\u00fablica e do fortalecimento da Medicina F\u00edsica e Reabilita\u00e7\u00e3o no Estado de S\u00e3o Paulo.\u201c<strong><em>Tenho o privil\u00e9gio de ter contribu\u00eddo para que as coisas melhorassem, e continuar\u00e1 sendo assim. Parab\u00e9ns, em especial, a cada um de voc\u00eas pelo trabalho prestado. Esse conjunto \u00e9 o que faz a diferen\u00e7a e potencializa resultados t\u00e3o especiais. Aqui voc\u00eas levam esperan\u00e7a de melhora \u2014 e \u00e9 isso que move o ser humano. Obrigado a todos e parab\u00e9ns do fundo do cora\u00e7\u00e3o<\/em><\/strong><em>\u201d<\/em>,\u00a0<em>afirmou o Dr. Gilberto Kassab<\/em>.<br>A homenagem simboliza o reconhecimento institucional \u00e0queles que compartilham e apoiam a causa da reabilita\u00e7\u00e3o, contribuindo de forma valiosa e significativa para a melhoria da qualidade de vida das pessoas com defici\u00eancia.<br><br>Encerrando a solenidade, a senadora Mara Gabrilli tamb\u00e9m destacou a relev\u00e2ncia do Instituto:\u00a0<em>\u201c<strong>Tenho orgulho de S\u00e3o Paulo contar com um centro de reabilita\u00e7\u00e3o dessa envergadura. Hoje, o nome da Rede Lucy Montoro \u00e9 reconhecido mundialmente. Esse olhar vision\u00e1rio para a potencialidade do ser humano faz toda a diferen\u00e7a. Agrade\u00e7o o amor dedicado a essa causa, que \u00e9 uma causa mundial. Hoje, a defici\u00eancia n\u00e3o \u00e9 mais algo irrevers\u00edvel como j\u00e1 foi um dia, e precisamos continuar acreditando. N\u00e3o posso deixar de agradecer ao Hospital das Cl\u00ednicas, que nos ajuda a ser refer\u00eancia, e \u00e0 Profa. Linamara, que acreditou, continua acreditando e revolucionando a reabilita\u00e7\u00e3o neste pa\u00eds<\/strong>.\u201d<\/em><\/p>\n\n\n\n<p>Ao celebrar 51 anos, o IMREA HCFMUSP reafirma seu compromisso com o presente e com o futuro, honrando sua hist\u00f3ria e renovando a miss\u00e3o de promover cuidado, inclus\u00e3o, inova\u00e7\u00e3o e esperan\u00e7a a milhares de pessoas, fortalecendo, a cada dia, a reabilita\u00e7\u00e3o como pilar essencial da sa\u00fade p\u00fablica.<\/p>\n\n\n\n<p>Confira os melhores momentos:<\/p>\n\n\n\n<figure class=\"wp-block-image size-full\"><img fetchpriority=\"high\" decoding=\"async\" width=\"1018\" height=\"853\" src=\"https:\/\/redelucymontoro.org.br\/site\/wp-content\/uploads\/2026\/01\/Design-sem-nome-10.png\" alt=\"\" class=\"wp-image-12809\" srcset=\"https:\/\/redelucymontoro.org.br\/site\/wp-content\/uploads\/2026\/01\/Design-sem-nome-10.png 1018w, https:\/\/redelucymontoro.org.br\/site\/wp-content\/uploads\/2026\/01\/Design-sem-nome-10-300x251.png 300w, https:\/\/redelucymontoro.org.br\/site\/wp-content\/uploads\/2026\/01\/Design-sem-nome-10-768x644.png 768w\" sizes=\"(max-width: 1018px) 100vw, 1018px\" \/><\/figure>\n\n\n\n<p><\/p>\n\n\n\n<figure class=\"wp-block-image size-large\"><img decoding=\"async\" width=\"1024\" height=\"617\" src=\"https:\/\/redelucymontoro.org.br\/site\/wp-content\/uploads\/2026\/01\/Design-sem-nome-13-1024x617.png\" alt=\"\" class=\"wp-image-12812\" srcset=\"https:\/\/redelucymontoro.org.br\/site\/wp-content\/uploads\/2026\/01\/Design-sem-nome-13-1024x617.png 1024w, https:\/\/redelucymontoro.org.br\/site\/wp-content\/uploads\/2026\/01\/Design-sem-nome-13-300x181.png 300w, https:\/\/redelucymontoro.org.br\/site\/wp-content\/uploads\/2026\/01\/Design-sem-nome-13-768x463.png 768w, https:\/\/redelucymontoro.org.br\/site\/wp-content\/uploads\/2026\/01\/Design-sem-nome-13.png 1220w\" sizes=\"(max-width: 1024px) 100vw, 1024px\" \/><\/figure>\n\n\n\n<p><\/p>\n\n\n\n<figure class=\"wp-block-image size-large\"><img decoding=\"async\" width=\"1024\" height=\"682\" src=\"https:\/\/redelucymontoro.org.br\/site\/wp-content\/uploads\/2026\/01\/Design-sem-nome-11-1-1024x682.png\" alt=\"\" class=\"wp-image-12813\" srcset=\"https:\/\/redelucymontoro.org.br\/site\/wp-content\/uploads\/2026\/01\/Design-sem-nome-11-1-1024x682.png 1024w, https:\/\/redelucymontoro.org.br\/site\/wp-content\/uploads\/2026\/01\/Design-sem-nome-11-1-300x200.png 300w, https:\/\/redelucymontoro.org.br\/site\/wp-content\/uploads\/2026\/01\/Design-sem-nome-11-1-768x512.png 768w, https:\/\/redelucymontoro.org.br\/site\/wp-content\/uploads\/2026\/01\/Design-sem-nome-11-1.png 1280w\" sizes=\"(max-width: 1024px) 100vw, 1024px\" \/><\/figure>\n\n\n\n<p><\/p>\n\n\n\n<figure class=\"wp-block-image size-large\"><img loading=\"lazy\" decoding=\"async\" width=\"1024\" height=\"706\" src=\"https:\/\/redelucymontoro.org.br\/site\/wp-content\/uploads\/2026\/01\/Design-sem-nome-12-1-1024x706.png\" alt=\"\" class=\"wp-image-12814\" srcset=\"https:\/\/redelucymontoro.org.br\/site\/wp-content\/uploads\/2026\/01\/Design-sem-nome-12-1-1024x706.png 1024w, https:\/\/redelucymontoro.org.br\/site\/wp-content\/uploads\/2026\/01\/Design-sem-nome-12-1-300x207.png 300w, https:\/\/redelucymontoro.org.br\/site\/wp-content\/uploads\/2026\/01\/Design-sem-nome-12-1-768x529.png 768w, https:\/\/redelucymontoro.org.br\/site\/wp-content\/uploads\/2026\/01\/Design-sem-nome-12-1.png 1204w\" sizes=\"(max-width: 1024px) 100vw, 1024px\" \/><\/figure>\n\n\n\n<p><\/p>\n\n\n\n<figure class=\"wp-block-image size-large\"><img loading=\"lazy\" decoding=\"async\" width=\"1024\" height=\"618\" src=\"https:\/\/redelucymontoro.org.br\/site\/wp-content\/uploads\/2026\/01\/Design-sem-nome-14-1024x618.png\" alt=\"\" class=\"wp-image-12815\" srcset=\"https:\/\/redelucymontoro.org.br\/site\/wp-content\/uploads\/2026\/01\/Design-sem-nome-14-1024x618.png 1024w, https:\/\/redelucymontoro.org.br\/site\/wp-content\/uploads\/2026\/01\/Design-sem-nome-14-300x181.png 300w, https:\/\/redelucymontoro.org.br\/site\/wp-content\/uploads\/2026\/01\/Design-sem-nome-14-768x463.png 768w, https:\/\/redelucymontoro.org.br\/site\/wp-content\/uploads\/2026\/01\/Design-sem-nome-14.png 1280w\" sizes=\"(max-width: 1024px) 100vw, 1024px\" \/><\/figure>\n\n\n\n<p><\/p>\n\n\n\n<figure class=\"wp-block-image size-large\"><img loading=\"lazy\" decoding=\"async\" width=\"1024\" height=\"773\" src=\"https:\/\/redelucymontoro.org.br\/site\/wp-content\/uploads\/2026\/01\/Design-sem-nome-15-1024x773.png\" alt=\"\" class=\"wp-image-12816\" srcset=\"https:\/\/redelucymontoro.org.br\/site\/wp-content\/uploads\/2026\/01\/Design-sem-nome-15-1024x773.png 1024w, https:\/\/redelucymontoro.org.br\/site\/wp-content\/uploads\/2026\/01\/Design-sem-nome-15-300x226.png 300w, https:\/\/redelucymontoro.org.br\/site\/wp-content\/uploads\/2026\/01\/Design-sem-nome-15-768x580.png 768w, https:\/\/redelucymontoro.org.br\/site\/wp-content\/uploads\/2026\/01\/Design-sem-nome-15.png 1130w\" sizes=\"(max-width: 1024px) 100vw, 1024px\" \/><\/figure>\n\n\n\n<p><\/p>\n\n\n\n<figure class=\"wp-block-image size-large\"><img loading=\"lazy\" decoding=\"async\" width=\"1024\" height=\"682\" src=\"https:\/\/redelucymontoro.org.br\/site\/wp-content\/uploads\/2026\/01\/Design-sem-nome-16-1024x682.png\" alt=\"\" class=\"wp-image-12817\" srcset=\"https:\/\/redelucymontoro.org.br\/site\/wp-content\/uploads\/2026\/01\/Design-sem-nome-16-1024x682.png 1024w, https:\/\/redelucymontoro.org.br\/site\/wp-content\/uploads\/2026\/01\/Design-sem-nome-16-300x200.png 300w, https:\/\/redelucymontoro.org.br\/site\/wp-content\/uploads\/2026\/01\/Design-sem-nome-16-768x512.png 768w, https:\/\/redelucymontoro.org.br\/site\/wp-content\/uploads\/2026\/01\/Design-sem-nome-16.png 1280w\" sizes=\"(max-width: 1024px) 100vw, 1024px\" \/><\/figure>\n","protected":false},"excerpt":{"rendered":"","protected":false},"author":11,"featured_media":0,"comment_status":"closed","ping_status":"closed","sticky":false,"template":"","format":"standard","meta":{"_acf_changed":false,"inline_featured_image":false,"footnotes":""},"categories":[9],"tags":[],"class_list":["post-12808","post","type-post","status-publish","format-standard","hentry","category-noticias"],"acf":[],"_links":{"self":[{"href":"https:\/\/redelucymontoro.org.br\/site\/wp-json\/wp\/v2\/posts\/12808","targetHints":{"allow":["GET"]}}],"collection":[{"href":"https:\/\/redelucymontoro.org.br\/site\/wp-json\/wp\/v2\/posts"}],"about":[{"href":"https:\/\/redelucymontoro.org.br\/site\/wp-json\/wp\/v2\/types\/post"}],"author":[{"embeddable":true,"href":"https:\/\/redelucymontoro.org.br\/site\/wp-json\/wp\/v2\/users\/11"}],"replies":[{"embeddable":true,"href":"https:\/\/redelucymontoro.org.br\/site\/wp-json\/wp\/v2\/comments?post=12808"}],"version-history":[{"count":1,"href":"https:\/\/redelucymontoro.org.br\/site\/wp-json\/wp\/v2\/posts\/12808\/revisions"}],"predecessor-version":[{"id":12818,"href":"https:\/\/redelucymontoro.org.br\/site\/wp-json\/wp\/v2\/posts\/12808\/revisions\/12818"}],"wp:attachment":[{"href":"https:\/\/redelucymontoro.org.br\/site\/wp-json\/wp\/v2\/media?parent=12808"}],"wp:term":[{"taxonomy":"category","embeddable":true,"href":"https:\/\/redelucymontoro.org.br\/site\/wp-json\/wp\/v2\/categories?post=12808"},{"taxonomy":"post_tag","embeddable":true,"href":"https:\/\/redelucymontoro.org.br\/site\/wp-json\/wp\/v2\/tags?post=12808"}],"curies":[{"name":"wp","href":"https:\/\/api.w.org\/{rel}","templated":true}]}}