{"id":12804,"date":"2026-01-21T11:17:58","date_gmt":"2026-01-21T14:17:58","guid":{"rendered":"https:\/\/redelucymontoro.org.br\/site\/?p=12804"},"modified":"2026-01-21T11:17:59","modified_gmt":"2026-01-21T14:17:59","slug":"reportagem-do-jornal-nacional-destaca-o-primeiro-exoesqueleto-robotico-infantil-do-pais","status":"publish","type":"post","link":"https:\/\/redelucymontoro.org.br\/site\/reportagem-do-jornal-nacional-destaca-o-primeiro-exoesqueleto-robotico-infantil-do-pais\/","title":{"rendered":"\u00a0Reportagem do Jornal Nacional Destaca o Primeiro Exoesqueleto Rob\u00f3tico Infantil do Pa\u00eds!"},"content":{"rendered":"\n<p><\/p>\n\n\n\n<p>Confira a reportagem do Jornal Nacional (TV Globo) sobre o primeiro Exoesqueleto Rob\u00f3tico do pa\u00eds para crian\u00e7as a partir de<br>2 anos, com participa\u00e7\u00e3o da Profa. Linamara Rizzo Battistella e pacientes do IMREA.<\/p>\n\n\n\n<p>Acesse o link e assista: <a href=\"https:\/\/globoplay.globo.com\/v\/14272426\"><strong>https:\/\/globoplay.globo.com\/v\/14272426<\/strong><\/a><\/p>\n\n\n\n<p><\/p>\n","protected":false},"excerpt":{"rendered":"","protected":false},"author":11,"featured_media":0,"comment_status":"closed","ping_status":"closed","sticky":false,"template":"","format":"standard","meta":{"_acf_changed":false,"inline_featured_image":false,"footnotes":""},"categories":[54,9],"tags":[],"class_list":["post-12804","post","type-post","status-publish","format-standard","hentry","category-lucy-na-midia","category-noticias"],"acf":[],"_links":{"self":[{"href":"https:\/\/redelucymontoro.org.br\/site\/wp-json\/wp\/v2\/posts\/12804","targetHints":{"allow":["GET"]}}],"collection":[{"href":"https:\/\/redelucymontoro.org.br\/site\/wp-json\/wp\/v2\/posts"}],"about":[{"href":"https:\/\/redelucymontoro.org.br\/site\/wp-json\/wp\/v2\/types\/post"}],"author":[{"embeddable":true,"href":"https:\/\/redelucymontoro.org.br\/site\/wp-json\/wp\/v2\/users\/11"}],"replies":[{"embeddable":true,"href":"https:\/\/redelucymontoro.org.br\/site\/wp-json\/wp\/v2\/comments?post=12804"}],"version-history":[{"count":1,"href":"https:\/\/redelucymontoro.org.br\/site\/wp-json\/wp\/v2\/posts\/12804\/revisions"}],"predecessor-version":[{"id":12806,"href":"https:\/\/redelucymontoro.org.br\/site\/wp-json\/wp\/v2\/posts\/12804\/revisions\/12806"}],"wp:attachment":[{"href":"https:\/\/redelucymontoro.org.br\/site\/wp-json\/wp\/v2\/media?parent=12804"}],"wp:term":[{"taxonomy":"category","embeddable":true,"href":"https:\/\/redelucymontoro.org.br\/site\/wp-json\/wp\/v2\/categories?post=12804"},{"taxonomy":"post_tag","embeddable":true,"href":"https:\/\/redelucymontoro.org.br\/site\/wp-json\/wp\/v2\/tags?post=12804"}],"curies":[{"name":"wp","href":"https:\/\/api.w.org\/{rel}","templated":true}]}}