{"id":12618,"date":"2025-11-25T08:35:14","date_gmt":"2025-11-25T11:35:14","guid":{"rendered":"https:\/\/redelucymontoro.org.br\/site\/?p=12618"},"modified":"2025-11-25T08:35:45","modified_gmt":"2025-11-25T11:35:45","slug":"imrea-no-hoje-em-dia-da-tv-record-reportagem-aborda-aumento-de-avc-em-pacientes-jovens","status":"publish","type":"post","link":"https:\/\/redelucymontoro.org.br\/site\/imrea-no-hoje-em-dia-da-tv-record-reportagem-aborda-aumento-de-avc-em-pacientes-jovens\/","title":{"rendered":"IMREA no Hoje em Dia da TV Record &#8211; Reportagem aborda aumento de AVC em pacientes jovens"},"content":{"rendered":"\n<p>Confira a reportagem do programa Hoje em Dia (TV Record) sobre o alto \u00edndice de AVC em pacientes jovens do IMREA, com participa\u00e7\u00e3o do Prof. Dr. Andr\u00e9 Sugawara e paciente do IMREA.<br><br>Acesse o link e confira a reportagem:<br><a href=\"https:\/\/www.youtube.com\/watch?v=_rN2hx1vR7I\"><strong>https:\/\/www.youtube.com\/watch?v=_rN2hx1vR7I<\/strong><\/a><\/p>\n\n\n\n<p><\/p>\n","protected":false},"excerpt":{"rendered":"","protected":false},"author":11,"featured_media":0,"comment_status":"closed","ping_status":"closed","sticky":false,"template":"","format":"standard","meta":{"_acf_changed":false,"inline_featured_image":false,"footnotes":""},"categories":[54,9],"tags":[],"class_list":["post-12618","post","type-post","status-publish","format-standard","hentry","category-lucy-na-midia","category-noticias"],"acf":[],"_links":{"self":[{"href":"https:\/\/redelucymontoro.org.br\/site\/wp-json\/wp\/v2\/posts\/12618","targetHints":{"allow":["GET"]}}],"collection":[{"href":"https:\/\/redelucymontoro.org.br\/site\/wp-json\/wp\/v2\/posts"}],"about":[{"href":"https:\/\/redelucymontoro.org.br\/site\/wp-json\/wp\/v2\/types\/post"}],"author":[{"embeddable":true,"href":"https:\/\/redelucymontoro.org.br\/site\/wp-json\/wp\/v2\/users\/11"}],"replies":[{"embeddable":true,"href":"https:\/\/redelucymontoro.org.br\/site\/wp-json\/wp\/v2\/comments?post=12618"}],"version-history":[{"count":2,"href":"https:\/\/redelucymontoro.org.br\/site\/wp-json\/wp\/v2\/posts\/12618\/revisions"}],"predecessor-version":[{"id":12621,"href":"https:\/\/redelucymontoro.org.br\/site\/wp-json\/wp\/v2\/posts\/12618\/revisions\/12621"}],"wp:attachment":[{"href":"https:\/\/redelucymontoro.org.br\/site\/wp-json\/wp\/v2\/media?parent=12618"}],"wp:term":[{"taxonomy":"category","embeddable":true,"href":"https:\/\/redelucymontoro.org.br\/site\/wp-json\/wp\/v2\/categories?post=12618"},{"taxonomy":"post_tag","embeddable":true,"href":"https:\/\/redelucymontoro.org.br\/site\/wp-json\/wp\/v2\/tags?post=12618"}],"curies":[{"name":"wp","href":"https:\/\/api.w.org\/{rel}","templated":true}]}}