{"id":12613,"date":"2025-11-18T11:38:01","date_gmt":"2025-11-18T14:38:01","guid":{"rendered":"https:\/\/redelucymontoro.org.br\/site\/?p=12613"},"modified":"2025-11-18T11:38:27","modified_gmt":"2025-11-18T14:38:27","slug":"rede-lucy-montoro-comemora-o-dia-internacional-da-pessoa-com-deficiencia-em-parceria-com-o-sesc-vila-marian","status":"publish","type":"post","link":"https:\/\/redelucymontoro.org.br\/site\/rede-lucy-montoro-comemora-o-dia-internacional-da-pessoa-com-deficiencia-em-parceria-com-o-sesc-vila-marian\/","title":{"rendered":"Rede Lucy Montoro comemora o Dia Internacional da Pessoa com Defici\u00eancia em parceria com o SESC Vila Mariana"},"content":{"rendered":"\n<p>A Rede Lucy Montoro realizar\u00e1, no dia 3 de dezembro, uma programa\u00e7\u00e3o especial em comemora\u00e7\u00e3o ao Dia Internacional da Pessoa com Defici\u00eancia, no Sesc Vila Mariana. As atividades come\u00e7am com oficinas adaptadas de&nbsp;<em>Yoga na Cadeira<\/em>&nbsp;e&nbsp;<em>Pintura,<\/em>&nbsp;oferecidas a pacientes e cuidadores das unidades de ambulat\u00f3rio e interna\u00e7\u00e3o.<\/p>\n\n\n\n<p>Ap\u00f3s as oficinas, o p\u00fablico poder\u00e1 acompanhar a apresenta\u00e7\u00e3o do&nbsp;<em>Laborat\u00f3rio de Express\u00e3o Corporal<\/em>&nbsp;da Unidade Lapa, que re\u00fane pacientes em um trabalho art\u00edstico voltado ao movimento e \u00e0 autonomia. Na sequ\u00eancia, ocorre o&nbsp;<em>Desfile de Moda Inclusiva<\/em>, com modelos que exibem figurinos exclusivos e customizados sob produ\u00e7\u00e3o e dire\u00e7\u00e3o de Daniela Auller, idealizadora do projeto Moda Inclusiva.<\/p>\n\n\n\n<p>Encerrando a programa\u00e7\u00e3o, profissionais da Rede Lucy Montoro ir\u00e3o mediar um debate sobre&nbsp;<em>Acessibilidade, Inclus\u00e3o e o Protagonismo da Pessoa com Defici\u00eancia na Sociedade,<\/em>&nbsp;abordando experi\u00eancias e pr\u00e1ticas desenvolvidas pela institui\u00e7\u00e3o.<\/p>\n\n\n\n<p>Para a\u00a0Coordenadora M\u00e9dica do Instituto de Medicina F\u00edsica e Reabilita\u00e7\u00e3o HC \u2013 Rede Lucy Montoro Lapa, Dra. Gabriella Naves, a iniciativa refor\u00e7a o papel transformador da reabilita\u00e7\u00e3o. \u201cAl\u00e9m de celebrar a data, a parceria evidencia conquistas importantes e os diversos pap\u00e9is assumidos pelos pacientes, que alcan\u00e7am metas, concretizam sonhos e demonstram ao p\u00fablico seu potencial, mostrando que barreiras podem ser superadas.\u201d<\/p>\n\n\n\n<p>As apresenta\u00e7\u00f5es e o debate s\u00e3o gratuitos e abertos ao p\u00fablico.<\/p>\n\n\n\n<p><strong>Servi\u00e7o:<\/strong><br><strong>Evento comemorativo ao Dia Internacional da Pessoa com Defici\u00eancia<\/strong><br><img decoding=\"async\" alt=\"\ud83d\udcc5\" src=\"https:\/\/fonts.gstatic.com\/s\/e\/notoemoji\/16.0\/1f4c5\/32.png\">&nbsp;<em>03 de dezembro \u2013 quarta-feira<\/em><br><img decoding=\"async\" alt=\"\u23f0\" src=\"https:\/\/fonts.gstatic.com\/s\/e\/notoemoji\/16.0\/23f0\/32.png\">&nbsp;<em>17h<\/em><br><img decoding=\"async\" alt=\"\ud83d\udccd\" src=\"https:\/\/fonts.gstatic.com\/s\/e\/notoemoji\/16.0\/1f4cd\/32.png\">&nbsp;<em>Sesc Vila Mariana \u2013 Rua Pelotas, 141 (pr\u00f3ximo ao Metr\u00f4 Ana Rosa)<\/em><\/p>\n\n\n\n<figure class=\"wp-block-image size-large is-resized\"><img fetchpriority=\"high\" decoding=\"async\" width=\"819\" height=\"1024\" src=\"https:\/\/redelucymontoro.org.br\/site\/wp-content\/uploads\/2025\/11\/parceria-sesc-819x1024.jpg\" alt=\"\" class=\"wp-image-12614\" style=\"width:612px;height:auto\" srcset=\"https:\/\/redelucymontoro.org.br\/site\/wp-content\/uploads\/2025\/11\/parceria-sesc-819x1024.jpg 819w, https:\/\/redelucymontoro.org.br\/site\/wp-content\/uploads\/2025\/11\/parceria-sesc-240x300.jpg 240w, https:\/\/redelucymontoro.org.br\/site\/wp-content\/uploads\/2025\/11\/parceria-sesc-768x960.jpg 768w, https:\/\/redelucymontoro.org.br\/site\/wp-content\/uploads\/2025\/11\/parceria-sesc.jpg 1080w\" sizes=\"(max-width: 819px) 100vw, 819px\" \/><\/figure>\n","protected":false},"excerpt":{"rendered":"","protected":false},"author":10,"featured_media":0,"comment_status":"closed","ping_status":"closed","sticky":false,"template":"","format":"standard","meta":{"_acf_changed":false,"inline_featured_image":false,"footnotes":""},"categories":[9],"tags":[],"class_list":["post-12613","post","type-post","status-publish","format-standard","hentry","category-noticias"],"acf":[],"_links":{"self":[{"href":"https:\/\/redelucymontoro.org.br\/site\/wp-json\/wp\/v2\/posts\/12613","targetHints":{"allow":["GET"]}}],"collection":[{"href":"https:\/\/redelucymontoro.org.br\/site\/wp-json\/wp\/v2\/posts"}],"about":[{"href":"https:\/\/redelucymontoro.org.br\/site\/wp-json\/wp\/v2\/types\/post"}],"author":[{"embeddable":true,"href":"https:\/\/redelucymontoro.org.br\/site\/wp-json\/wp\/v2\/users\/10"}],"replies":[{"embeddable":true,"href":"https:\/\/redelucymontoro.org.br\/site\/wp-json\/wp\/v2\/comments?post=12613"}],"version-history":[{"count":2,"href":"https:\/\/redelucymontoro.org.br\/site\/wp-json\/wp\/v2\/posts\/12613\/revisions"}],"predecessor-version":[{"id":12616,"href":"https:\/\/redelucymontoro.org.br\/site\/wp-json\/wp\/v2\/posts\/12613\/revisions\/12616"}],"wp:attachment":[{"href":"https:\/\/redelucymontoro.org.br\/site\/wp-json\/wp\/v2\/media?parent=12613"}],"wp:term":[{"taxonomy":"category","embeddable":true,"href":"https:\/\/redelucymontoro.org.br\/site\/wp-json\/wp\/v2\/categories?post=12613"},{"taxonomy":"post_tag","embeddable":true,"href":"https:\/\/redelucymontoro.org.br\/site\/wp-json\/wp\/v2\/tags?post=12613"}],"curies":[{"name":"wp","href":"https:\/\/api.w.org\/{rel}","templated":true}]}}