{"id":12610,"date":"2025-11-18T08:31:59","date_gmt":"2025-11-18T11:31:59","guid":{"rendered":"https:\/\/redelucymontoro.org.br\/site\/?p=12610"},"modified":"2025-11-18T08:32:00","modified_gmt":"2025-11-18T11:32:00","slug":"superacao-em-movimento-paciente-ministra-aula-de-jiu-jitsu-para-residentes-no-imrea-vila-mariana","status":"publish","type":"post","link":"https:\/\/redelucymontoro.org.br\/site\/superacao-em-movimento-paciente-ministra-aula-de-jiu-jitsu-para-residentes-no-imrea-vila-mariana\/","title":{"rendered":"Supera\u00e7\u00e3o em Movimento: Paciente ministra aula de jiu-jitsu para residentes no IMREA Vila Mariana"},"content":{"rendered":"\n<p>No dia 12 de novembro, os residentes das equipes multiprofissionais vivenciaram uma experi\u00eancia inspiradora. Uma aula especial de&nbsp;<strong>jiu-jitsu<\/strong>&nbsp;foi realizada no condicionamento f\u00edsico do IMREA Vila Mariana, ministrada pelo paciente&nbsp;Adriano Henrique do NascimentoFelisbino, 46 anos, faixa-preta na modalidade.<br>Adriano foi v\u00edtima de um AVC em 2024 e mesmo enfrentando sequelas como afasia e diminui\u00e7\u00e3o de for\u00e7a no lado direito<strong>,&nbsp;<\/strong>acreditou, por um momento, que n\u00e3o voltaria a praticar aquilo que lhe dava prop\u00f3sito e alegria. No entanto, por meio das terapias e de um processo de reabilita\u00e7\u00e3o guiado pela determina\u00e7\u00e3o e pelo apoio profissional, ele superou esse desafio com excel\u00eancia.<br>Com confian\u00e7a renovada, Adriano n\u00e3o apenas retornou ao tatame, como tamb\u00e9m assumiu o papel de professor, conduzindo a aula, demonstrando t\u00e9cnicas e compartilhando seu conhecimento com habilidade e entusiasmo. O encontro proporcionou aos residentes n\u00e3o s\u00f3 aprendizado t\u00e9cnico, mas uma viv\u00eancia marcante sobre resili\u00eancia, autonomia e o impacto transformador da reabilita\u00e7\u00e3o na vida dos pacientes.<br>A hist\u00f3ria de Adriano refor\u00e7a o compromisso do IMREA &#8211; Rede Lucy Montoro em promover, todos os dias, caminhos para que cada paciente possa&nbsp;recuperar seu protagonismo e redescobrir suas potencialidades.<\/p>\n\n\n\n<figure class=\"wp-block-image size-full is-resized\"><img fetchpriority=\"high\" decoding=\"async\" width=\"410\" height=\"546\" src=\"https:\/\/redelucymontoro.org.br\/site\/wp-content\/uploads\/2025\/11\/jiujitsu.png\" alt=\"\" class=\"wp-image-12611\" style=\"width:835px;height:auto\" srcset=\"https:\/\/redelucymontoro.org.br\/site\/wp-content\/uploads\/2025\/11\/jiujitsu.png 410w, https:\/\/redelucymontoro.org.br\/site\/wp-content\/uploads\/2025\/11\/jiujitsu-225x300.png 225w\" sizes=\"(max-width: 410px) 100vw, 410px\" \/><\/figure>\n","protected":false},"excerpt":{"rendered":"","protected":false},"author":11,"featured_media":0,"comment_status":"closed","ping_status":"closed","sticky":false,"template":"","format":"standard","meta":{"_acf_changed":false,"inline_featured_image":false,"footnotes":""},"categories":[9],"tags":[],"class_list":["post-12610","post","type-post","status-publish","format-standard","hentry","category-noticias"],"acf":[],"_links":{"self":[{"href":"https:\/\/redelucymontoro.org.br\/site\/wp-json\/wp\/v2\/posts\/12610","targetHints":{"allow":["GET"]}}],"collection":[{"href":"https:\/\/redelucymontoro.org.br\/site\/wp-json\/wp\/v2\/posts"}],"about":[{"href":"https:\/\/redelucymontoro.org.br\/site\/wp-json\/wp\/v2\/types\/post"}],"author":[{"embeddable":true,"href":"https:\/\/redelucymontoro.org.br\/site\/wp-json\/wp\/v2\/users\/11"}],"replies":[{"embeddable":true,"href":"https:\/\/redelucymontoro.org.br\/site\/wp-json\/wp\/v2\/comments?post=12610"}],"version-history":[{"count":1,"href":"https:\/\/redelucymontoro.org.br\/site\/wp-json\/wp\/v2\/posts\/12610\/revisions"}],"predecessor-version":[{"id":12612,"href":"https:\/\/redelucymontoro.org.br\/site\/wp-json\/wp\/v2\/posts\/12610\/revisions\/12612"}],"wp:attachment":[{"href":"https:\/\/redelucymontoro.org.br\/site\/wp-json\/wp\/v2\/media?parent=12610"}],"wp:term":[{"taxonomy":"category","embeddable":true,"href":"https:\/\/redelucymontoro.org.br\/site\/wp-json\/wp\/v2\/categories?post=12610"},{"taxonomy":"post_tag","embeddable":true,"href":"https:\/\/redelucymontoro.org.br\/site\/wp-json\/wp\/v2\/tags?post=12610"}],"curies":[{"name":"wp","href":"https:\/\/api.w.org\/{rel}","templated":true}]}}