{"id":12529,"date":"2025-11-04T12:58:12","date_gmt":"2025-11-04T15:58:12","guid":{"rendered":"https:\/\/redelucymontoro.org.br\/site\/?p=12529"},"modified":"2025-11-04T12:59:10","modified_gmt":"2025-11-04T15:59:10","slug":"mes-da-crianca-na-rede-lucy-montoro-terapia-criatividade-e-muita-diversao","status":"publish","type":"post","link":"https:\/\/redelucymontoro.org.br\/site\/mes-da-crianca-na-rede-lucy-montoro-terapia-criatividade-e-muita-diversao\/","title":{"rendered":"M\u00eas da Crian\u00e7a na Rede Lucy Montoro: terapia, criatividade e muita divers\u00e3o"},"content":{"rendered":"\n<p>Em comemora\u00e7\u00e3o ao Dia das Crian\u00e7as, celebrado em 12 de outubro, a Rede Lucy Montoro preparou uma programa\u00e7\u00e3o especial repleta de atividades terap\u00eauticas l\u00fadicas, voltadas aos pequenos pacientes das diferentes unidades.<\/p>\n\n\n\n<p>No IMREA Vila Mariana, pintura, desenhos e muita criatividade marcaram as oficinas conduzidas pelos profissionais de Terapia Ocupacional, estimulando a express\u00e3o e o desenvolvimento das crian\u00e7as por meio da arte.<\/p>\n\n\n\n<p>J\u00e1 no IMREA Lapa, as atividades sensoriais aproximaram os participantes da natureza, com viv\u00eancias que envolveram o contato com a terra e com as plantas, promovendo est\u00edmulos t\u00e1teis e cognitivos de forma divertida.<\/p>\n\n\n\n<p>No IMREA Cl\u00ednicas, a equipe multiprofissional organizou a confec\u00e7\u00e3o de quebra-cabe\u00e7as e desenhos livres, incentivando a coordena\u00e7\u00e3o motora e o racioc\u00ednio, sempre com foco no prazer do brincar.<\/p>\n\n\n\n<p>O Instituto de Reabilita\u00e7\u00e3o Lucy Montoro (IRLM) tamb\u00e9m entrou na celebra\u00e7\u00e3o com uma parceria especial com o espa\u00e7o&nbsp;<em>Curumim<\/em>, do Shopping Jardim Sul. Ap\u00f3s uma oficina de confec\u00e7\u00e3o de capas de super-her\u00f3is, os pequenos foram convidados a participar de brincadeiras e explora\u00e7\u00e3o de brinquedos, acompanhados pelos monitores do espa\u00e7o e pela equipe multidisciplinar da institui\u00e7\u00e3o.<\/p>\n\n\n\n<p>\u201cO objetivo das atividades foi unir a terapia ao universo criativo e l\u00fadico, valorizando o brincar como parte essencial do desenvolvimento e do bem-estar das crian\u00e7as, al\u00e9m de estimular ganhos no processo de reabilita\u00e7\u00e3o\u201d, destacou Patricia Yuri Capucho, coordenadora do Servi\u00e7o de Fisioterapia do IMREA Cl\u00ednicas.<\/p>\n\n\n\n<p>As a\u00e7\u00f5es mostraram que, na Rede Lucy Montoro, a reabilita\u00e7\u00e3o tamb\u00e9m pode ser um momento de alegria, descoberta e imagina\u00e7\u00e3o.<\/p>\n\n\n\n<figure class=\"wp-block-image size-large is-resized\"><img fetchpriority=\"high\" decoding=\"async\" width=\"1024\" height=\"1016\" src=\"https:\/\/redelucymontoro.org.br\/site\/wp-content\/uploads\/2025\/11\/Atividade-Infantil-IMREA-Vila-Mariana-1-1024x1016.jpeg\" alt=\"\" class=\"wp-image-12530\" style=\"width:420px;height:auto\" srcset=\"https:\/\/redelucymontoro.org.br\/site\/wp-content\/uploads\/2025\/11\/Atividade-Infantil-IMREA-Vila-Mariana-1-1024x1016.jpeg 1024w, https:\/\/redelucymontoro.org.br\/site\/wp-content\/uploads\/2025\/11\/Atividade-Infantil-IMREA-Vila-Mariana-1-300x298.jpeg 300w, https:\/\/redelucymontoro.org.br\/site\/wp-content\/uploads\/2025\/11\/Atividade-Infantil-IMREA-Vila-Mariana-1-150x150.jpeg 150w, https:\/\/redelucymontoro.org.br\/site\/wp-content\/uploads\/2025\/11\/Atividade-Infantil-IMREA-Vila-Mariana-1-768x762.jpeg 768w, https:\/\/redelucymontoro.org.br\/site\/wp-content\/uploads\/2025\/11\/Atividade-Infantil-IMREA-Vila-Mariana-1-1536x1524.jpeg 1536w, https:\/\/redelucymontoro.org.br\/site\/wp-content\/uploads\/2025\/11\/Atividade-Infantil-IMREA-Vila-Mariana-1.jpeg 1564w\" sizes=\"(max-width: 1024px) 100vw, 1024px\" \/><\/figure>\n\n\n\n<p><\/p>\n\n\n\n<figure class=\"wp-block-image size-large is-resized\"><img decoding=\"async\" width=\"1024\" height=\"768\" src=\"https:\/\/redelucymontoro.org.br\/site\/wp-content\/uploads\/2025\/11\/crianca1clinicas-1-1024x768.jpg\" alt=\"\" class=\"wp-image-12531\" style=\"width:427px;height:auto\" srcset=\"https:\/\/redelucymontoro.org.br\/site\/wp-content\/uploads\/2025\/11\/crianca1clinicas-1-1024x768.jpg 1024w, https:\/\/redelucymontoro.org.br\/site\/wp-content\/uploads\/2025\/11\/crianca1clinicas-1-300x225.jpg 300w, https:\/\/redelucymontoro.org.br\/site\/wp-content\/uploads\/2025\/11\/crianca1clinicas-1-768x576.jpg 768w, https:\/\/redelucymontoro.org.br\/site\/wp-content\/uploads\/2025\/11\/crianca1clinicas-1.jpg 1280w\" sizes=\"(max-width: 1024px) 100vw, 1024px\" \/><\/figure>\n\n\n\n<p><\/p>\n\n\n\n<figure class=\"wp-block-image size-large is-resized\"><img decoding=\"async\" width=\"1024\" height=\"768\" src=\"https:\/\/redelucymontoro.org.br\/site\/wp-content\/uploads\/2025\/11\/crianca-3-clinicas-1-1024x768.jpg\" alt=\"\" class=\"wp-image-12532\" style=\"width:424px;height:auto\" srcset=\"https:\/\/redelucymontoro.org.br\/site\/wp-content\/uploads\/2025\/11\/crianca-3-clinicas-1-1024x768.jpg 1024w, https:\/\/redelucymontoro.org.br\/site\/wp-content\/uploads\/2025\/11\/crianca-3-clinicas-1-300x225.jpg 300w, https:\/\/redelucymontoro.org.br\/site\/wp-content\/uploads\/2025\/11\/crianca-3-clinicas-1-768x576.jpg 768w, https:\/\/redelucymontoro.org.br\/site\/wp-content\/uploads\/2025\/11\/crianca-3-clinicas-1.jpg 1280w\" sizes=\"(max-width: 1024px) 100vw, 1024px\" \/><\/figure>\n\n\n\n<p><\/p>\n\n\n\n<figure class=\"wp-block-image size-large is-resized\"><img loading=\"lazy\" decoding=\"async\" width=\"768\" height=\"1024\" src=\"https:\/\/redelucymontoro.org.br\/site\/wp-content\/uploads\/2025\/11\/dia-da-crianca-lapa-4-2-768x1024.jpeg\" alt=\"\" class=\"wp-image-12540\" style=\"width:425px;height:auto\" srcset=\"https:\/\/redelucymontoro.org.br\/site\/wp-content\/uploads\/2025\/11\/dia-da-crianca-lapa-4-2-768x1024.jpeg 768w, https:\/\/redelucymontoro.org.br\/site\/wp-content\/uploads\/2025\/11\/dia-da-crianca-lapa-4-2-225x300.jpeg 225w, https:\/\/redelucymontoro.org.br\/site\/wp-content\/uploads\/2025\/11\/dia-da-crianca-lapa-4-2-1152x1536.jpeg 1152w, https:\/\/redelucymontoro.org.br\/site\/wp-content\/uploads\/2025\/11\/dia-da-crianca-lapa-4-2.jpeg 1200w\" sizes=\"(max-width: 768px) 100vw, 768px\" \/><\/figure>\n\n\n\n<p><\/p>\n\n\n\n<figure class=\"wp-block-gallery has-nested-images columns-default is-cropped wp-block-gallery-1 is-layout-flex wp-block-gallery-is-layout-flex\"><\/figure>\n\n\n\n<figure class=\"wp-block-image size-large is-resized\"><img loading=\"lazy\" decoding=\"async\" width=\"1024\" height=\"683\" src=\"https:\/\/redelucymontoro.org.br\/site\/wp-content\/uploads\/2025\/11\/curumim-10-4-1024x683.jpg\" alt=\"\" class=\"wp-image-12537\" style=\"width:434px;height:auto\" srcset=\"https:\/\/redelucymontoro.org.br\/site\/wp-content\/uploads\/2025\/11\/curumim-10-4-1024x683.jpg 1024w, https:\/\/redelucymontoro.org.br\/site\/wp-content\/uploads\/2025\/11\/curumim-10-4-300x200.jpg 300w, https:\/\/redelucymontoro.org.br\/site\/wp-content\/uploads\/2025\/11\/curumim-10-4-768x512.jpg 768w, https:\/\/redelucymontoro.org.br\/site\/wp-content\/uploads\/2025\/11\/curumim-10-4-1536x1024.jpg 1536w, https:\/\/redelucymontoro.org.br\/site\/wp-content\/uploads\/2025\/11\/curumim-10-4-2048x1365.jpg 2048w\" sizes=\"(max-width: 1024px) 100vw, 1024px\" \/><\/figure>\n\n\n\n<p><\/p>\n\n\n\n<figure class=\"wp-block-image size-large is-resized\"><img loading=\"lazy\" decoding=\"async\" width=\"1024\" height=\"683\" src=\"https:\/\/redelucymontoro.org.br\/site\/wp-content\/uploads\/2025\/11\/curumim5-1-1024x683.jpg\" alt=\"\" class=\"wp-image-12538\" style=\"width:433px;height:auto\" srcset=\"https:\/\/redelucymontoro.org.br\/site\/wp-content\/uploads\/2025\/11\/curumim5-1-1024x683.jpg 1024w, https:\/\/redelucymontoro.org.br\/site\/wp-content\/uploads\/2025\/11\/curumim5-1-300x200.jpg 300w, https:\/\/redelucymontoro.org.br\/site\/wp-content\/uploads\/2025\/11\/curumim5-1-768x512.jpg 768w, https:\/\/redelucymontoro.org.br\/site\/wp-content\/uploads\/2025\/11\/curumim5-1-1536x1024.jpg 1536w, https:\/\/redelucymontoro.org.br\/site\/wp-content\/uploads\/2025\/11\/curumim5-1-2048x1365.jpg 2048w\" sizes=\"(max-width: 1024px) 100vw, 1024px\" \/><\/figure>\n\n\n\n<p><\/p>\n\n\n\n<p><\/p>\n","protected":false},"excerpt":{"rendered":"","protected":false},"author":10,"featured_media":0,"comment_status":"closed","ping_status":"closed","sticky":false,"template":"","format":"standard","meta":{"_acf_changed":false,"inline_featured_image":false,"footnotes":""},"categories":[9],"tags":[],"class_list":["post-12529","post","type-post","status-publish","format-standard","hentry","category-noticias"],"acf":[],"_links":{"self":[{"href":"https:\/\/redelucymontoro.org.br\/site\/wp-json\/wp\/v2\/posts\/12529","targetHints":{"allow":["GET"]}}],"collection":[{"href":"https:\/\/redelucymontoro.org.br\/site\/wp-json\/wp\/v2\/posts"}],"about":[{"href":"https:\/\/redelucymontoro.org.br\/site\/wp-json\/wp\/v2\/types\/post"}],"author":[{"embeddable":true,"href":"https:\/\/redelucymontoro.org.br\/site\/wp-json\/wp\/v2\/users\/10"}],"replies":[{"embeddable":true,"href":"https:\/\/redelucymontoro.org.br\/site\/wp-json\/wp\/v2\/comments?post=12529"}],"version-history":[{"count":2,"href":"https:\/\/redelucymontoro.org.br\/site\/wp-json\/wp\/v2\/posts\/12529\/revisions"}],"predecessor-version":[{"id":12541,"href":"https:\/\/redelucymontoro.org.br\/site\/wp-json\/wp\/v2\/posts\/12529\/revisions\/12541"}],"wp:attachment":[{"href":"https:\/\/redelucymontoro.org.br\/site\/wp-json\/wp\/v2\/media?parent=12529"}],"wp:term":[{"taxonomy":"category","embeddable":true,"href":"https:\/\/redelucymontoro.org.br\/site\/wp-json\/wp\/v2\/categories?post=12529"},{"taxonomy":"post_tag","embeddable":true,"href":"https:\/\/redelucymontoro.org.br\/site\/wp-json\/wp\/v2\/tags?post=12529"}],"curies":[{"name":"wp","href":"https:\/\/api.w.org\/{rel}","templated":true}]}}