{"id":12454,"date":"2025-10-20T09:07:42","date_gmt":"2025-10-20T12:07:42","guid":{"rendered":"https:\/\/redelucymontoro.org.br\/site\/?p=12454"},"modified":"2025-10-20T09:07:43","modified_gmt":"2025-10-20T12:07:43","slug":"jornal-da-record-fala-sobre-os-beneficios-do-exoesqueleto-infantil-confira","status":"publish","type":"post","link":"https:\/\/redelucymontoro.org.br\/site\/jornal-da-record-fala-sobre-os-beneficios-do-exoesqueleto-infantil-confira\/","title":{"rendered":"Jornal da Record fala sobre os benef\u00edcios do exoesqueleto infantil &#8211; Confira!"},"content":{"rendered":"\n<p>Confira reportagem do Jornal da Record (TV Record) sobre os benef\u00edcios exoesqueleto infantil, com participa\u00e7\u00e3o do Prof. Dr. Andr\u00e9 Sugawara e de pacientes do IMREA HCFMUSP.<\/p>\n\n\n\n<figure class=\"wp-block-embed is-type-video is-provider-youtube wp-block-embed-youtube wp-embed-aspect-16-9 wp-has-aspect-ratio\"><div class=\"wp-block-embed__wrapper\">\n<iframe title=\"Assista \u00e0 \u00edntegra do Jornal da Record | 18\/10\/2025\" width=\"1200\" height=\"675\" src=\"https:\/\/www.youtube.com\/embed\/o2qrBBTbE44?start=873&#038;feature=oembed\" frameborder=\"0\" allow=\"accelerometer; autoplay; clipboard-write; encrypted-media; gyroscope; picture-in-picture; web-share\" referrerpolicy=\"strict-origin-when-cross-origin\" allowfullscreen><\/iframe>\n<\/div><\/figure>\n\n\n\n<p><\/p>\n","protected":false},"excerpt":{"rendered":"","protected":false},"author":11,"featured_media":0,"comment_status":"closed","ping_status":"closed","sticky":false,"template":"","format":"standard","meta":{"_acf_changed":false,"inline_featured_image":false,"footnotes":""},"categories":[10,54],"tags":[],"class_list":["post-12454","post","type-post","status-publish","format-standard","hentry","category-imprensa","category-lucy-na-midia"],"acf":[],"_links":{"self":[{"href":"https:\/\/redelucymontoro.org.br\/site\/wp-json\/wp\/v2\/posts\/12454","targetHints":{"allow":["GET"]}}],"collection":[{"href":"https:\/\/redelucymontoro.org.br\/site\/wp-json\/wp\/v2\/posts"}],"about":[{"href":"https:\/\/redelucymontoro.org.br\/site\/wp-json\/wp\/v2\/types\/post"}],"author":[{"embeddable":true,"href":"https:\/\/redelucymontoro.org.br\/site\/wp-json\/wp\/v2\/users\/11"}],"replies":[{"embeddable":true,"href":"https:\/\/redelucymontoro.org.br\/site\/wp-json\/wp\/v2\/comments?post=12454"}],"version-history":[{"count":1,"href":"https:\/\/redelucymontoro.org.br\/site\/wp-json\/wp\/v2\/posts\/12454\/revisions"}],"predecessor-version":[{"id":12455,"href":"https:\/\/redelucymontoro.org.br\/site\/wp-json\/wp\/v2\/posts\/12454\/revisions\/12455"}],"wp:attachment":[{"href":"https:\/\/redelucymontoro.org.br\/site\/wp-json\/wp\/v2\/media?parent=12454"}],"wp:term":[{"taxonomy":"category","embeddable":true,"href":"https:\/\/redelucymontoro.org.br\/site\/wp-json\/wp\/v2\/categories?post=12454"},{"taxonomy":"post_tag","embeddable":true,"href":"https:\/\/redelucymontoro.org.br\/site\/wp-json\/wp\/v2\/tags?post=12454"}],"curies":[{"name":"wp","href":"https:\/\/api.w.org\/{rel}","templated":true}]}}