{"id":12449,"date":"2025-10-10T15:56:12","date_gmt":"2025-10-10T18:56:12","guid":{"rendered":"https:\/\/redelucymontoro.org.br\/site\/?p=12449"},"modified":"2025-10-10T15:56:46","modified_gmt":"2025-10-10T18:56:46","slug":"lancamento-do-livroa-diferenca-entre-meritocracia-tecnica-e-politica-nos-grupos-cientificos-e-artisticos-observados-pelo-vertice-psicanalitica","status":"publish","type":"post","link":"https:\/\/redelucymontoro.org.br\/site\/lancamento-do-livroa-diferenca-entre-meritocracia-tecnica-e-politica-nos-grupos-cientificos-e-artisticos-observados-pelo-vertice-psicanalitica\/","title":{"rendered":"LAN\u00c7AMENTO DO LIVROA DIFEREN\u00c7A ENTRE MERITOCRACIA\u00a0T\u00c9CNICA E POL\u00cdTICA: nos grupos cient\u00edficos e art\u00edsticos, observados pelo v\u00e9rtice psicanal\u00edtica"},"content":{"rendered":"\n<p>O Dr. Paulo\u00a0 Cesar Sandler (M\u00e9dico Psiquiatra do IMREA) convida a todos para o lan\u00e7amento do livro: A diferen\u00e7a entre meritocracia t\u00e9cnica e pol\u00edtica. <\/p>\n\n\n\n<p>O livro tem a participa\u00e7\u00e3o da Dra. Mariane Tateishi\u00a0(Diretoria M\u00e9dica do IMREA) como um dos comentadores.<\/p>\n\n\n\n<p><strong>18 DE OUTUBRO DE 2025<br>(S\u00c1BADO)<\/strong><\/p>\n\n\n\n<p><strong>das 9h \u00e0s 11h<\/strong><br>NO AUDIT\u00d3RIO DA SBPSP.&nbsp;<br>AV. DR. CARDOSO DE MELO 1450, 1\u00ba ANDAR,<\/p>\n\n\n\n<p>VILA OL\u00cdMPIA, S\u00c3O PAULO \/ SP<br>EVENTO H\u00cdBRIDO | GRATUITO | ABERTO AO P\u00daBLICO<\/p>\n\n\n\n<p><a href=\"https:\/\/www.sbpsp.org.br\/cursos-e-eventos\/eventos\/lancamento-do-livro-a-diferenca-entre-meritocracia-tecnica-e-politica-428\/\" target=\"_blank\" rel=\"noreferrer noopener\">Inscreva-se neste link:<\/a><\/p>\n\n\n\n<figure class=\"wp-block-image size-large is-resized\"><img fetchpriority=\"high\" decoding=\"async\" width=\"724\" height=\"1024\" src=\"https:\/\/redelucymontoro.org.br\/site\/wp-content\/uploads\/2025\/10\/convite-lancamento-livro-Dr-Paulo-724x1024.jpg\" alt=\"\" class=\"wp-image-12450\" style=\"width:522px;height:auto\" srcset=\"https:\/\/redelucymontoro.org.br\/site\/wp-content\/uploads\/2025\/10\/convite-lancamento-livro-Dr-Paulo-724x1024.jpg 724w, https:\/\/redelucymontoro.org.br\/site\/wp-content\/uploads\/2025\/10\/convite-lancamento-livro-Dr-Paulo-212x300.jpg 212w, https:\/\/redelucymontoro.org.br\/site\/wp-content\/uploads\/2025\/10\/convite-lancamento-livro-Dr-Paulo-768x1086.jpg 768w, https:\/\/redelucymontoro.org.br\/site\/wp-content\/uploads\/2025\/10\/convite-lancamento-livro-Dr-Paulo-1086x1536.jpg 1086w, https:\/\/redelucymontoro.org.br\/site\/wp-content\/uploads\/2025\/10\/convite-lancamento-livro-Dr-Paulo.jpg 1414w\" sizes=\"(max-width: 724px) 100vw, 724px\" \/><\/figure>\n","protected":false},"excerpt":{"rendered":"","protected":false},"author":10,"featured_media":0,"comment_status":"closed","ping_status":"closed","sticky":false,"template":"","format":"standard","meta":{"_acf_changed":false,"inline_featured_image":false,"footnotes":""},"categories":[9],"tags":[],"class_list":["post-12449","post","type-post","status-publish","format-standard","hentry","category-noticias"],"acf":[],"_links":{"self":[{"href":"https:\/\/redelucymontoro.org.br\/site\/wp-json\/wp\/v2\/posts\/12449","targetHints":{"allow":["GET"]}}],"collection":[{"href":"https:\/\/redelucymontoro.org.br\/site\/wp-json\/wp\/v2\/posts"}],"about":[{"href":"https:\/\/redelucymontoro.org.br\/site\/wp-json\/wp\/v2\/types\/post"}],"author":[{"embeddable":true,"href":"https:\/\/redelucymontoro.org.br\/site\/wp-json\/wp\/v2\/users\/10"}],"replies":[{"embeddable":true,"href":"https:\/\/redelucymontoro.org.br\/site\/wp-json\/wp\/v2\/comments?post=12449"}],"version-history":[{"count":2,"href":"https:\/\/redelucymontoro.org.br\/site\/wp-json\/wp\/v2\/posts\/12449\/revisions"}],"predecessor-version":[{"id":12452,"href":"https:\/\/redelucymontoro.org.br\/site\/wp-json\/wp\/v2\/posts\/12449\/revisions\/12452"}],"wp:attachment":[{"href":"https:\/\/redelucymontoro.org.br\/site\/wp-json\/wp\/v2\/media?parent=12449"}],"wp:term":[{"taxonomy":"category","embeddable":true,"href":"https:\/\/redelucymontoro.org.br\/site\/wp-json\/wp\/v2\/categories?post=12449"},{"taxonomy":"post_tag","embeddable":true,"href":"https:\/\/redelucymontoro.org.br\/site\/wp-json\/wp\/v2\/tags?post=12449"}],"curies":[{"name":"wp","href":"https:\/\/api.w.org\/{rel}","templated":true}]}}