{"id":12441,"date":"2025-10-10T15:49:05","date_gmt":"2025-10-10T18:49:05","guid":{"rendered":"https:\/\/redelucymontoro.org.br\/site\/?p=12441"},"modified":"2025-10-10T15:49:39","modified_gmt":"2025-10-10T18:49:39","slug":"rede-lucy-montoro-promove-treinamento-em-seguranca-do-paciente-para-equipe-assistencial","status":"publish","type":"post","link":"https:\/\/redelucymontoro.org.br\/site\/rede-lucy-montoro-promove-treinamento-em-seguranca-do-paciente-para-equipe-assistencial\/","title":{"rendered":"Rede Lucy Montoro promove Treinamento em Seguran\u00e7a do Paciente para equipe assistencial"},"content":{"rendered":"\n<p>Com o compromisso cont\u00ednuo com a qualidade do cuidado e a seguran\u00e7a do paciente, a Rede Lucy Montoro, durante a \u00faltima semana de setembro e a primeira semana de outubro, realizou mais uma edi\u00e7\u00e3o do&nbsp;Treinamento em Seguran\u00e7a do Paciente, voltado para todos os colaboradores. A atividade foi organizada em formato de circuito, com quatro esta\u00e7\u00f5es tem\u00e1ticas que abordaram pontos cr\u00edticos da pr\u00e1tica assistencial, integrando teoria e viv\u00eancia pr\u00e1tica.<\/p>\n\n\n\n<p>O treinamento teve como objetivo refor\u00e7ar boas pr\u00e1ticas, promover a cultura de seguran\u00e7a e fortalecer a comunica\u00e7\u00e3o entre os profissionais que atuam diretamente no cuidado dos pacientes. Conhe\u00e7a abaixo os destaques de cada esta\u00e7\u00e3o:<\/p>\n\n\n\n<h4 class=\"wp-block-heading\"><strong>Esta\u00e7\u00e3o 1: Comunica\u00e7\u00e3o Segura<\/strong><\/h4>\n\n\n\n<p><strong>Tema: Comunica\u00e7\u00e3o Segura \u2013 Prontu\u00e1rio, Anota\u00e7\u00e3o Correta e a Import\u00e2ncia do Processo<\/strong><\/p>\n\n\n\n<p>Nesta esta\u00e7\u00e3o, os participantes revisitaram a import\u00e2ncia do prontu\u00e1rio como um documento legal, cl\u00ednico e de comunica\u00e7\u00e3o entre os diversos profissionais de sa\u00fade. Foram apresentadas t\u00e9cnicas para anota\u00e7\u00f5es claras, objetivas e padronizadas, evitando ambiguidades que possam comprometer o cuidado.<\/p>\n\n\n\n<p>A equipe tamb\u00e9m discutiu a relev\u00e2ncia da comunica\u00e7\u00e3o eficaz entre setores, refor\u00e7ando o papel fundamental das \u00e1reas administrativas como SAME e SAIP na organiza\u00e7\u00e3o e avalia\u00e7\u00e3o das informa\u00e7\u00f5es registradas. Casos pr\u00e1ticos de boas e m\u00e1s pr\u00e1ticas ilustraram o impacto direto da comunica\u00e7\u00e3o segura na seguran\u00e7a do paciente.<\/p>\n\n\n\n<h4 class=\"wp-block-heading\"><strong>&nbsp;Esta\u00e7\u00e3o 2: Preven\u00e7\u00e3o de Quedas<\/strong><\/h4>\n\n\n\n<p><strong>Tema: Preven\u00e7\u00e3o de Quedas em Pacientes<\/strong><\/p>\n\n\n\n<p>Quedas s\u00e3o um dos eventos adversos mais comuns e evit\u00e1veis no ambiente hospitalar. Nesta esta\u00e7\u00e3o, a equipe refletiu sobre os fatores de risco intr\u00ednsecos (como idade, uso de medicamentos, condi\u00e7\u00f5es cl\u00ednicas) e extr\u00ednsecos (como ilumina\u00e7\u00e3o, cal\u00e7ados e obst\u00e1culos ambientais).<\/p>\n\n\n\n<p>Foram refor\u00e7adas medidas preventivas eficazes tanto no ambiente hospitalar quanto no domiciliar, al\u00e9m de orienta\u00e7\u00f5es espec\u00edficas para pacientes e familiares. Tamb\u00e9m foram discutidos os protocolos institucionais sobre como agir em caso de queda, visando minimizar danos e evitar recorr\u00eancias.<\/p>\n\n\n\n<h4 class=\"wp-block-heading\"><strong>&nbsp;Esta\u00e7\u00e3o 3: Atendimento Infantil \u2013 Tema OMS 2025<\/strong><\/h4>\n\n\n\n<p><strong>Tema: Primeiros Socorros e Seguran\u00e7a no Atendimento Infantil (Engasgo, Seguran\u00e7a em CR)<\/strong><\/p>\n\n\n\n<p>Baseando-se no tema de 2025 da Organiza\u00e7\u00e3o Mundial da Sa\u00fade, esta esta\u00e7\u00e3o trouxe como foco a seguran\u00e7a no atendimento pedi\u00e1trico. Os participantes receberam capacita\u00e7\u00e3o para reconhecer e manejar engasgos em crian\u00e7as de diferentes faixas et\u00e1rias, com demonstra\u00e7\u00f5es pr\u00e1ticas.<\/p>\n\n\n\n<p>Al\u00e9m disso, foram debatidas medidas de seguran\u00e7a em centros de reabilita\u00e7\u00e3o infantil<strong>,<\/strong>&nbsp;considerando as necessidades espec\u00edficas do p\u00fablico atendido. A equipe do setor infantil tamb\u00e9m colaborou com sugest\u00f5es de temas complementares, tornando a discuss\u00e3o ainda mais rica e contextualizada \u00e0 realidade da institui\u00e7\u00e3o.<\/p>\n\n\n\n<h4 class=\"wp-block-heading\"><strong>Esta\u00e7\u00e3o 4: Sa\u00fade Mental do Colaborador \u2013 &#8220;Colaborador seguro \u00e9 igual ao paciente seguro&#8221;<\/strong><\/h4>\n\n\n\n<p><strong>Tema: Sa\u00fade Mental: Identifica\u00e7\u00e3o, Acolhimento e Busca por Ajuda<\/strong><\/p>\n\n\n\n<p>Concluindo o circuito, esta esta\u00e7\u00e3o tratou de um tema cada vez mais essencial: a sa\u00fade mental dos profissionais da sa\u00fade. Foram abordados os sinais de alerta de sofrimento ps\u00edquico em colegas de trabalho e pacientes, al\u00e9m de estrat\u00e9gias de acolhimento e escuta ativa.<\/p>\n\n\n\n<p>Os participantes conheceram os recursos de apoio dispon\u00edveis dentro e fora da institui\u00e7\u00e3o, e discutiram formas de reduzir o estigma relacionado \u00e0 sa\u00fade mental. O objetivo foi refor\u00e7ar que um ambiente de trabalho saud\u00e1vel e acolhedor \u00e9 tamb\u00e9m uma estrat\u00e9gia de seguran\u00e7a do paciente.<\/p>\n\n\n\n<h4 class=\"wp-block-heading\"><strong>Compromisso cont\u00ednuo com a excel\u00eancia em cuidado<\/strong><\/h4>\n\n\n\n<p>A Rede Lucy Montoro reafirma, com a\u00e7\u00f5es como esta, seu compromisso com a excel\u00eancia, a humaniza\u00e7\u00e3o e a seguran\u00e7a em todos os n\u00edveis do cuidado. O treinamento foi marcado pela troca de experi\u00eancias, engajamento dos profissionais e fortalecimento do trabalho em equipe \u2014 pilares fundamentais para uma assist\u00eancia segura, \u00e9tica e de qualidade.<\/p>\n\n\n\n<figure class=\"wp-block-image size-large is-resized\"><img fetchpriority=\"high\" decoding=\"async\" width=\"1024\" height=\"682\" src=\"https:\/\/redelucymontoro.org.br\/site\/wp-content\/uploads\/2025\/10\/seguranca1-1024x682.jpg\" alt=\"\" class=\"wp-image-12442\" style=\"width:454px;height:auto\" srcset=\"https:\/\/redelucymontoro.org.br\/site\/wp-content\/uploads\/2025\/10\/seguranca1-1024x682.jpg 1024w, https:\/\/redelucymontoro.org.br\/site\/wp-content\/uploads\/2025\/10\/seguranca1-300x200.jpg 300w, https:\/\/redelucymontoro.org.br\/site\/wp-content\/uploads\/2025\/10\/seguranca1-768x512.jpg 768w, https:\/\/redelucymontoro.org.br\/site\/wp-content\/uploads\/2025\/10\/seguranca1.jpg 1280w\" sizes=\"(max-width: 1024px) 100vw, 1024px\" \/><\/figure>\n\n\n\n<p><\/p>\n\n\n\n<figure class=\"wp-block-image size-large is-resized\"><img decoding=\"async\" width=\"1024\" height=\"682\" src=\"https:\/\/redelucymontoro.org.br\/site\/wp-content\/uploads\/2025\/10\/seguranca2-1024x682.jpg\" alt=\"\" class=\"wp-image-12443\" style=\"width:462px;height:auto\" srcset=\"https:\/\/redelucymontoro.org.br\/site\/wp-content\/uploads\/2025\/10\/seguranca2-1024x682.jpg 1024w, https:\/\/redelucymontoro.org.br\/site\/wp-content\/uploads\/2025\/10\/seguranca2-300x200.jpg 300w, https:\/\/redelucymontoro.org.br\/site\/wp-content\/uploads\/2025\/10\/seguranca2-768x512.jpg 768w, https:\/\/redelucymontoro.org.br\/site\/wp-content\/uploads\/2025\/10\/seguranca2.jpg 1280w\" sizes=\"(max-width: 1024px) 100vw, 1024px\" \/><\/figure>\n\n\n\n<p><\/p>\n\n\n\n<figure class=\"wp-block-image size-large is-resized\"><img decoding=\"async\" width=\"1024\" height=\"682\" src=\"https:\/\/redelucymontoro.org.br\/site\/wp-content\/uploads\/2025\/10\/seguranca-3-1024x682.jpg\" alt=\"\" class=\"wp-image-12444\" style=\"width:462px;height:auto\" srcset=\"https:\/\/redelucymontoro.org.br\/site\/wp-content\/uploads\/2025\/10\/seguranca-3-1024x682.jpg 1024w, https:\/\/redelucymontoro.org.br\/site\/wp-content\/uploads\/2025\/10\/seguranca-3-300x200.jpg 300w, https:\/\/redelucymontoro.org.br\/site\/wp-content\/uploads\/2025\/10\/seguranca-3-768x512.jpg 768w, https:\/\/redelucymontoro.org.br\/site\/wp-content\/uploads\/2025\/10\/seguranca-3.jpg 1280w\" sizes=\"(max-width: 1024px) 100vw, 1024px\" \/><\/figure>\n\n\n\n<p><\/p>\n\n\n\n<figure class=\"wp-block-image size-large is-resized\"><img loading=\"lazy\" decoding=\"async\" width=\"1024\" height=\"682\" src=\"https:\/\/redelucymontoro.org.br\/site\/wp-content\/uploads\/2025\/10\/seguranaca-6-1024x682.jpg\" alt=\"\" class=\"wp-image-12445\" style=\"width:464px;height:auto\" srcset=\"https:\/\/redelucymontoro.org.br\/site\/wp-content\/uploads\/2025\/10\/seguranaca-6-1024x682.jpg 1024w, https:\/\/redelucymontoro.org.br\/site\/wp-content\/uploads\/2025\/10\/seguranaca-6-300x200.jpg 300w, https:\/\/redelucymontoro.org.br\/site\/wp-content\/uploads\/2025\/10\/seguranaca-6-768x512.jpg 768w, https:\/\/redelucymontoro.org.br\/site\/wp-content\/uploads\/2025\/10\/seguranaca-6.jpg 1280w\" sizes=\"(max-width: 1024px) 100vw, 1024px\" \/><\/figure>\n\n\n\n<p><\/p>\n\n\n\n<figure class=\"wp-block-image size-large is-resized\"><img loading=\"lazy\" decoding=\"async\" width=\"1024\" height=\"682\" src=\"https:\/\/redelucymontoro.org.br\/site\/wp-content\/uploads\/2025\/10\/seguranca-7-1024x682.jpg\" alt=\"\" class=\"wp-image-12446\" style=\"width:472px;height:auto\" srcset=\"https:\/\/redelucymontoro.org.br\/site\/wp-content\/uploads\/2025\/10\/seguranca-7-1024x682.jpg 1024w, https:\/\/redelucymontoro.org.br\/site\/wp-content\/uploads\/2025\/10\/seguranca-7-300x200.jpg 300w, https:\/\/redelucymontoro.org.br\/site\/wp-content\/uploads\/2025\/10\/seguranca-7-768x512.jpg 768w, https:\/\/redelucymontoro.org.br\/site\/wp-content\/uploads\/2025\/10\/seguranca-7.jpg 1280w\" sizes=\"(max-width: 1024px) 100vw, 1024px\" \/><\/figure>\n","protected":false},"excerpt":{"rendered":"","protected":false},"author":10,"featured_media":0,"comment_status":"closed","ping_status":"closed","sticky":false,"template":"","format":"standard","meta":{"_acf_changed":false,"inline_featured_image":false,"footnotes":""},"categories":[9],"tags":[],"class_list":["post-12441","post","type-post","status-publish","format-standard","hentry","category-noticias"],"acf":[],"_links":{"self":[{"href":"https:\/\/redelucymontoro.org.br\/site\/wp-json\/wp\/v2\/posts\/12441","targetHints":{"allow":["GET"]}}],"collection":[{"href":"https:\/\/redelucymontoro.org.br\/site\/wp-json\/wp\/v2\/posts"}],"about":[{"href":"https:\/\/redelucymontoro.org.br\/site\/wp-json\/wp\/v2\/types\/post"}],"author":[{"embeddable":true,"href":"https:\/\/redelucymontoro.org.br\/site\/wp-json\/wp\/v2\/users\/10"}],"replies":[{"embeddable":true,"href":"https:\/\/redelucymontoro.org.br\/site\/wp-json\/wp\/v2\/comments?post=12441"}],"version-history":[{"count":2,"href":"https:\/\/redelucymontoro.org.br\/site\/wp-json\/wp\/v2\/posts\/12441\/revisions"}],"predecessor-version":[{"id":12448,"href":"https:\/\/redelucymontoro.org.br\/site\/wp-json\/wp\/v2\/posts\/12441\/revisions\/12448"}],"wp:attachment":[{"href":"https:\/\/redelucymontoro.org.br\/site\/wp-json\/wp\/v2\/media?parent=12441"}],"wp:term":[{"taxonomy":"category","embeddable":true,"href":"https:\/\/redelucymontoro.org.br\/site\/wp-json\/wp\/v2\/categories?post=12441"},{"taxonomy":"post_tag","embeddable":true,"href":"https:\/\/redelucymontoro.org.br\/site\/wp-json\/wp\/v2\/tags?post=12441"}],"curies":[{"name":"wp","href":"https:\/\/api.w.org\/{rel}","templated":true}]}}