{"id":12413,"date":"2025-09-25T11:50:11","date_gmt":"2025-09-25T14:50:11","guid":{"rendered":"https:\/\/redelucymontoro.org.br\/site\/?p=12413"},"modified":"2025-09-26T09:56:16","modified_gmt":"2025-09-26T12:56:16","slug":"imrea-lapa-promove-ciclo-de-palestras-sobre-esporte-paralimpico-com-profissionais-do-cpb-e-da-equipe-apnh-spfc-de-natacao","status":"publish","type":"post","link":"https:\/\/redelucymontoro.org.br\/site\/imrea-lapa-promove-ciclo-de-palestras-sobre-esporte-paralimpico-com-profissionais-do-cpb-e-da-equipe-apnh-spfc-de-natacao\/","title":{"rendered":"IMREA Lapa promove ciclo de palestras sobre Esporte Paral\u00edmpico com profissionais do CPB e da equipe APNH\/SPFC de nata\u00e7\u00e3o"},"content":{"rendered":"\n<p>No dia 18 de setembro, o Instituto de Medicina F\u00edsica e Reabilita\u00e7\u00e3o (IMREA) \u2013 Unidade Lapa, realizou um ciclo de palestras sobre Esporte Paral\u00edmpico, voltado aos pacientes em processo de reabilita\u00e7\u00e3o. A iniciativa teve como objetivo ampliar o conhecimento sobre o esporte adaptado e seu papel fundamental na inclus\u00e3o social e no fortalecimento f\u00edsico e emocional de pessoas com defici\u00eancia.<\/p>\n\n\n\n<p>A primeira palestra teve como tema&nbsp;<em>\u201cDesenvolvimento no Esporte Paral\u00edmpico\u201d<\/em>&nbsp;e contou com a participa\u00e7\u00e3o da profissional Tatiana Zavanela, representante do Comit\u00ea Paral\u00edmpico Brasileiro (CPB) na Rede Lucy Montoro. Na sequ\u00eancia, o t\u00e9cnico da equipe APNH\/SPFC (Associa\u00e7\u00e3o Paral\u00edmpica de Novo Horizonte \/ S\u00e3o Paulo Futebol Clube) de nata\u00e7\u00e3o paral\u00edmpica, Fabiano Quirino, compartilhou sua experi\u00eancia no treinamento e desenvolvimento de atletas com defici\u00eancia.<\/p>\n\n\n\n<p>A atividade foi organizada pelo Servi\u00e7o de Psicologia do IMREA , por meio da psic\u00f3loga Sheila Cruz, que ressaltou a import\u00e2ncia do esporte adaptado como ferramenta terap\u00eautica no processo de reabilita\u00e7\u00e3o. \u201cO esporte pode contribuir de forma significativa para o desenvolvimento de novas habilidades, fortalecimento de v\u00ednculos sociais e aumento da autoestima e confian\u00e7a dos pacientes\u201d, destacou.<\/p>\n\n\n\n<p>Durante o encontro, os palestrantes abordaram a relev\u00e2ncia do esporte adaptado n\u00e3o apenas como pr\u00e1tica competitiva, mas como um meio eficaz de promo\u00e7\u00e3o da sa\u00fade, inclus\u00e3o e bem-estar. Segundo o t\u00e9cnico Fabiano Quirino, o esporte paral\u00edmpico oferece oportunidades concretas de protagonismo e supera\u00e7\u00e3o. \u201c\u00c9 uma via importante para o desenvolvimento pessoal e social, al\u00e9m de promover ganhos f\u00edsicos e psicol\u00f3gicos relevantes na vida dos atletas\u201d, afirmou.<\/p>\n\n\n\n<p>A ocasi\u00e3o tamb\u00e9m foi marcada pela divulga\u00e7\u00e3o do Festival Paral\u00edmpico, promovido pelo CPB, que aconteceu no dia 20 de setembro no Centro de Treinamento Paral\u00edmpico Brasileiro. O evento proporcionou a crian\u00e7as e jovens \u2013 com e sem defici\u00eancia \u2013 a viv\u00eancia em diversas modalidades adaptadas, como atletismo, corrida, badminton e t\u00eanis, em um ambiente l\u00fadico, acolhedor e inclusivo.<\/p>\n\n\n\n<p>A parceria entre a Rede Lucy Montoro e o Comit\u00ea Paral\u00edmpico Brasileiro fortalece a proposta do IMREA de promover a reabilita\u00e7\u00e3o integral, incentivando a pr\u00e1tica esportiva como meio de reintegra\u00e7\u00e3o social e desenvolvimento de potencialidades. Por meio dessas a\u00e7\u00f5es, a institui\u00e7\u00e3o reafirma seu compromisso com a inclus\u00e3o, a autonomia e a melhoria da qualidade de vida das pessoas com defici\u00eancia.<\/p>\n\n\n\n<figure class=\"wp-block-image size-large is-resized\"><img fetchpriority=\"high\" decoding=\"async\" width=\"1024\" height=\"768\" src=\"https:\/\/redelucymontoro.org.br\/site\/wp-content\/uploads\/2025\/09\/palestra-2-1024x768.jpeg\" alt=\"\" class=\"wp-image-12414\" style=\"width:659px;height:auto\" srcset=\"https:\/\/redelucymontoro.org.br\/site\/wp-content\/uploads\/2025\/09\/palestra-2-1024x768.jpeg 1024w, https:\/\/redelucymontoro.org.br\/site\/wp-content\/uploads\/2025\/09\/palestra-2-300x225.jpeg 300w, https:\/\/redelucymontoro.org.br\/site\/wp-content\/uploads\/2025\/09\/palestra-2-768x576.jpeg 768w, https:\/\/redelucymontoro.org.br\/site\/wp-content\/uploads\/2025\/09\/palestra-2.jpeg 1280w\" sizes=\"(max-width: 1024px) 100vw, 1024px\" \/><\/figure>\n\n\n\n<p><\/p>\n\n\n\n<figure class=\"wp-block-image size-large is-resized\"><img decoding=\"async\" width=\"768\" height=\"1024\" src=\"https:\/\/redelucymontoro.org.br\/site\/wp-content\/uploads\/2025\/09\/palestra-1-768x1024.jpeg\" alt=\"\" class=\"wp-image-12415\" style=\"width:659px;height:auto\" srcset=\"https:\/\/redelucymontoro.org.br\/site\/wp-content\/uploads\/2025\/09\/palestra-1-768x1024.jpeg 768w, https:\/\/redelucymontoro.org.br\/site\/wp-content\/uploads\/2025\/09\/palestra-1-225x300.jpeg 225w, https:\/\/redelucymontoro.org.br\/site\/wp-content\/uploads\/2025\/09\/palestra-1.jpeg 960w\" sizes=\"(max-width: 768px) 100vw, 768px\" \/><\/figure>\n\n\n\n<p><\/p>\n\n\n\n<figure class=\"wp-block-image size-large is-resized\"><img decoding=\"async\" width=\"1024\" height=\"682\" src=\"https:\/\/redelucymontoro.org.br\/site\/wp-content\/uploads\/2025\/09\/paralimpico1-1024x682.jpg\" alt=\"\" class=\"wp-image-12419\" style=\"width:657px;height:auto\" srcset=\"https:\/\/redelucymontoro.org.br\/site\/wp-content\/uploads\/2025\/09\/paralimpico1-1024x682.jpg 1024w, https:\/\/redelucymontoro.org.br\/site\/wp-content\/uploads\/2025\/09\/paralimpico1-300x200.jpg 300w, https:\/\/redelucymontoro.org.br\/site\/wp-content\/uploads\/2025\/09\/paralimpico1-768x512.jpg 768w, https:\/\/redelucymontoro.org.br\/site\/wp-content\/uploads\/2025\/09\/paralimpico1.jpg 1280w\" sizes=\"(max-width: 1024px) 100vw, 1024px\" \/><\/figure>\n\n\n\n<p><\/p>\n\n\n\n<figure class=\"wp-block-image size-large is-resized\"><img loading=\"lazy\" decoding=\"async\" width=\"1024\" height=\"682\" src=\"https:\/\/redelucymontoro.org.br\/site\/wp-content\/uploads\/2025\/09\/paralimpico3-1024x682.jpg\" alt=\"\" class=\"wp-image-12420\" style=\"width:663px;height:auto\" srcset=\"https:\/\/redelucymontoro.org.br\/site\/wp-content\/uploads\/2025\/09\/paralimpico3-1024x682.jpg 1024w, https:\/\/redelucymontoro.org.br\/site\/wp-content\/uploads\/2025\/09\/paralimpico3-300x200.jpg 300w, https:\/\/redelucymontoro.org.br\/site\/wp-content\/uploads\/2025\/09\/paralimpico3-768x512.jpg 768w, https:\/\/redelucymontoro.org.br\/site\/wp-content\/uploads\/2025\/09\/paralimpico3.jpg 1280w\" sizes=\"(max-width: 1024px) 100vw, 1024px\" \/><\/figure>\n","protected":false},"excerpt":{"rendered":"","protected":false},"author":10,"featured_media":0,"comment_status":"closed","ping_status":"closed","sticky":false,"template":"","format":"standard","meta":{"_acf_changed":false,"inline_featured_image":false,"footnotes":""},"categories":[9],"tags":[],"class_list":["post-12413","post","type-post","status-publish","format-standard","hentry","category-noticias"],"acf":[],"_links":{"self":[{"href":"https:\/\/redelucymontoro.org.br\/site\/wp-json\/wp\/v2\/posts\/12413","targetHints":{"allow":["GET"]}}],"collection":[{"href":"https:\/\/redelucymontoro.org.br\/site\/wp-json\/wp\/v2\/posts"}],"about":[{"href":"https:\/\/redelucymontoro.org.br\/site\/wp-json\/wp\/v2\/types\/post"}],"author":[{"embeddable":true,"href":"https:\/\/redelucymontoro.org.br\/site\/wp-json\/wp\/v2\/users\/10"}],"replies":[{"embeddable":true,"href":"https:\/\/redelucymontoro.org.br\/site\/wp-json\/wp\/v2\/comments?post=12413"}],"version-history":[{"count":3,"href":"https:\/\/redelucymontoro.org.br\/site\/wp-json\/wp\/v2\/posts\/12413\/revisions"}],"predecessor-version":[{"id":12421,"href":"https:\/\/redelucymontoro.org.br\/site\/wp-json\/wp\/v2\/posts\/12413\/revisions\/12421"}],"wp:attachment":[{"href":"https:\/\/redelucymontoro.org.br\/site\/wp-json\/wp\/v2\/media?parent=12413"}],"wp:term":[{"taxonomy":"category","embeddable":true,"href":"https:\/\/redelucymontoro.org.br\/site\/wp-json\/wp\/v2\/categories?post=12413"},{"taxonomy":"post_tag","embeddable":true,"href":"https:\/\/redelucymontoro.org.br\/site\/wp-json\/wp\/v2\/tags?post=12413"}],"curies":[{"name":"wp","href":"https:\/\/api.w.org\/{rel}","templated":true}]}}