{"id":12390,"date":"2025-09-24T13:04:13","date_gmt":"2025-09-24T16:04:13","guid":{"rendered":"https:\/\/redelucymontoro.org.br\/site\/?p=12390"},"modified":"2025-09-26T15:18:07","modified_gmt":"2025-09-26T18:18:07","slug":"imrea-e-irlm-celebram-o-dia-nacional-de-luta-pelos-direitos-da-pessoa-com-deficiencia-com-programacao-especial","status":"publish","type":"post","link":"https:\/\/redelucymontoro.org.br\/site\/imrea-e-irlm-celebram-o-dia-nacional-de-luta-pelos-direitos-da-pessoa-com-deficiencia-com-programacao-especial\/","title":{"rendered":"IMREA e IRLM celebram o Dia Nacional de Luta pelos Direitos da Pessoa com Defici\u00eancia com programa\u00e7\u00e3o especial"},"content":{"rendered":"\n<p>No dia 21 de setembro, \u00e9 celebrado o Dia Nacional de Luta pelos Direitos da Pessoa com Defici\u00eancia, uma data que refor\u00e7a o compromisso cont\u00ednuo da Rede Lucy Montoro com a promo\u00e7\u00e3o da inclus\u00e3o, da acessibilidade e da dignidade das pessoas com defici\u00eancia.<\/p>\n\n\n\n<p>Em 2025, a comemora\u00e7\u00e3o ganha um significado ainda mais especial, ao coincidir com os 10 anos da Lei Brasileira de Inclus\u00e3o (LBI) \u2013 um marco legal fundamental na amplia\u00e7\u00e3o dos direitos e garantias da pessoa com defici\u00eancia no Brasil.<\/p>\n\n\n\n<p>Para celebrar esse momento simb\u00f3lico, o Instituto de Medicina F\u00edsica e Reabilita\u00e7\u00e3o (IMREA) e o Instituto Lucy Montoro (IRLM) promoveram uma programa\u00e7\u00e3o especial voltada a pacientes, cuidadores e colaboradores, com atividades culturais e de integra\u00e7\u00e3o social que refor\u00e7am os valores de empatia, respeito e participa\u00e7\u00e3o ativa.<\/p>\n\n\n\n<h3 class=\"wp-block-heading\">M\u00fasica e emo\u00e7\u00e3o no IMREA Vila Mariana<\/h3>\n\n\n\n<p>No dia 18 de setembro, o IMREA Vila Mariana foi palco de uma apresenta\u00e7\u00e3o emocionante do Projeto S\u00f3S\u00f4, banda liderada pelo paciente Gilmar Duque Possidonio da Silva. O repert\u00f3rio contou com cl\u00e1ssicos da m\u00fasica brasileira, como&nbsp;<em>\u201cA Voz do Morro\u201d<\/em>, de Z\u00e9 Keti, e&nbsp;<em>\u201cIve Brussel\u201d<\/em>, de Jorge Ben Jor, encantando o p\u00fablico presente.<\/p>\n\n\n\n<p>Mais do que uma apresenta\u00e7\u00e3o musical, o momento representou uma celebra\u00e7\u00e3o pessoal para Gilmar, que compartilhou sua trajet\u00f3ria de supera\u00e7\u00e3o:<\/p>\n\n\n\n<blockquote class=\"wp-block-quote is-layout-flow wp-block-quote-is-layout-flow\">\n<p>\u201cAl\u00e9m de celebrar esta data importante, estou muito emocionado porque hoje celebro tamb\u00e9m a minha recupera\u00e7\u00e3o e a minha volta aos palcos gra\u00e7as ao trabalho dos profissionais da Rede Lucy Montoro. Quando cheguei, eu estava acamado, e hoje conquistei uma mobilidade bem melhor\u201d, afirmou o paciente.<\/p>\n<\/blockquote>\n\n\n\n<h3 class=\"wp-block-heading\">Celebra\u00e7\u00e3o e atividades inclusivas no IRLM<\/h3>\n\n\n\n<p>Tamb\u00e9m no dia 18 de setembro, o IRLM promoveu uma s\u00e9rie de a\u00e7\u00f5es que valorizaram a participa\u00e7\u00e3o e a express\u00e3o dos pacientes. Organizada pelos servi\u00e7os de Hotelaria, Nutri\u00e7\u00e3o, Enfermagem e Comunica\u00e7\u00e3o, a programa\u00e7\u00e3o teve in\u00edcio com um jantar especial e seguiu com a atividade \u201cMural dos Sonhos\u201d, onde os pacientes foram convidados a expressar seus desejos e mensagens por meio de desenhos e palavras, utilizando kits personalizados com folhas e l\u00e1pis de cor. Os trabalhos foram reunidos em um mural coletivo, exibido especialmente para a ocasi\u00e3o.<\/p>\n\n\n\n<p>Outro destaque foi a Fotocabine da Alegria, espa\u00e7o interativo dedicado \u00e0 produ\u00e7\u00e3o de fotos instant\u00e2neas, proporcionando momentos de descontra\u00e7\u00e3o, pertencimento e mem\u00f3ria afetiva.<\/p>\n\n\n\n<p>O encerramento ficou por conta da contagiante apresenta\u00e7\u00e3o da Banda dos Seguran\u00e7as do Metr\u00f4<strong>,<\/strong>&nbsp;que animou todos os presentes com ritmos diversos, transformando o ambiente em uma verdadeira celebra\u00e7\u00e3o coletiva.<\/p>\n\n\n\n<blockquote class=\"wp-block-quote is-layout-flow wp-block-quote-is-layout-flow\">\n<p>\u201cQuando pensamos nesta a\u00e7\u00e3o, tivemos em mente que muitos pacientes e seus acompanhantes, por conta da les\u00e3o e do processo de reabilita\u00e7\u00e3o, acabam tendo menos acesso \u00e0 festividades e a momentos especiais pensados especialmente para eles. Por isso, oferecer um dia dedicado a eles foi muito importante. E ver o brilho no olhar de cada um, a alegria estampada nos rostos, foi, sem d\u00favida, a parte mais incr\u00edvel do evento\u201d, destacou Barbara Parise, colaboradora do Servi\u00e7o de Enfermagem e uma das idealizadoras da iniciativa.<\/p>\n<\/blockquote>\n\n\n\n<p>Estas a\u00e7\u00f5es refor\u00e7am o compromisso da Rede Lucy Montoro com a constru\u00e7\u00e3o de uma sociedade mais inclusiva, plural e acess\u00edvel<strong>,<\/strong>&nbsp;em que todas as pessoas tenham seus direitos respeitados e possam exercer plenamente sua cidadania.<\/p>\n\n\n\n<p>Confira as fotos:<\/p>\n\n\n\n<figure class=\"wp-block-image size-large is-resized\"><img fetchpriority=\"high\" decoding=\"async\" width=\"1024\" height=\"768\" src=\"https:\/\/redelucymontoro.org.br\/site\/wp-content\/uploads\/2025\/09\/banda-soso-1024x768.jpeg\" alt=\"\" class=\"wp-image-12391\" style=\"width:678px;height:auto\" srcset=\"https:\/\/redelucymontoro.org.br\/site\/wp-content\/uploads\/2025\/09\/banda-soso-1024x768.jpeg 1024w, https:\/\/redelucymontoro.org.br\/site\/wp-content\/uploads\/2025\/09\/banda-soso-300x225.jpeg 300w, https:\/\/redelucymontoro.org.br\/site\/wp-content\/uploads\/2025\/09\/banda-soso-768x576.jpeg 768w, https:\/\/redelucymontoro.org.br\/site\/wp-content\/uploads\/2025\/09\/banda-soso-1536x1152.jpeg 1536w, https:\/\/redelucymontoro.org.br\/site\/wp-content\/uploads\/2025\/09\/banda-soso.jpeg 1600w\" sizes=\"(max-width: 1024px) 100vw, 1024px\" \/><\/figure>\n\n\n\n<p><\/p>\n\n\n\n<figure class=\"wp-block-image size-large is-resized\"><img decoding=\"async\" width=\"1024\" height=\"768\" src=\"https:\/\/redelucymontoro.org.br\/site\/wp-content\/uploads\/2025\/09\/so-so-4-1-1024x768.jpeg\" alt=\"\" class=\"wp-image-12431\" style=\"width:678px;height:auto\" srcset=\"https:\/\/redelucymontoro.org.br\/site\/wp-content\/uploads\/2025\/09\/so-so-4-1-1024x768.jpeg 1024w, https:\/\/redelucymontoro.org.br\/site\/wp-content\/uploads\/2025\/09\/so-so-4-1-300x225.jpeg 300w, https:\/\/redelucymontoro.org.br\/site\/wp-content\/uploads\/2025\/09\/so-so-4-1-768x576.jpeg 768w, https:\/\/redelucymontoro.org.br\/site\/wp-content\/uploads\/2025\/09\/so-so-4-1-1536x1152.jpeg 1536w, https:\/\/redelucymontoro.org.br\/site\/wp-content\/uploads\/2025\/09\/so-so-4-1.jpeg 1600w\" sizes=\"(max-width: 1024px) 100vw, 1024px\" \/><\/figure>\n\n\n\n<p><\/p>\n\n\n\n<figure class=\"wp-block-image size-large is-resized\"><img decoding=\"async\" width=\"1024\" height=\"683\" src=\"https:\/\/redelucymontoro.org.br\/site\/wp-content\/uploads\/2025\/09\/metro1-1024x683.jpg\" alt=\"\" class=\"wp-image-12428\" style=\"width:681px;height:auto\" srcset=\"https:\/\/redelucymontoro.org.br\/site\/wp-content\/uploads\/2025\/09\/metro1-1024x683.jpg 1024w, https:\/\/redelucymontoro.org.br\/site\/wp-content\/uploads\/2025\/09\/metro1-300x200.jpg 300w, https:\/\/redelucymontoro.org.br\/site\/wp-content\/uploads\/2025\/09\/metro1-768x512.jpg 768w, https:\/\/redelucymontoro.org.br\/site\/wp-content\/uploads\/2025\/09\/metro1-1536x1024.jpg 1536w, https:\/\/redelucymontoro.org.br\/site\/wp-content\/uploads\/2025\/09\/metro1-2048x1365.jpg 2048w\" sizes=\"(max-width: 1024px) 100vw, 1024px\" \/><\/figure>\n\n\n\n<p><\/p>\n\n\n\n<figure class=\"wp-block-image size-large is-resized\"><img loading=\"lazy\" decoding=\"async\" width=\"1024\" height=\"683\" src=\"https:\/\/redelucymontoro.org.br\/site\/wp-content\/uploads\/2025\/09\/metro-2-1024x683.jpg\" alt=\"\" class=\"wp-image-12430\" style=\"width:682px;height:auto\" srcset=\"https:\/\/redelucymontoro.org.br\/site\/wp-content\/uploads\/2025\/09\/metro-2-1024x683.jpg 1024w, https:\/\/redelucymontoro.org.br\/site\/wp-content\/uploads\/2025\/09\/metro-2-300x200.jpg 300w, https:\/\/redelucymontoro.org.br\/site\/wp-content\/uploads\/2025\/09\/metro-2-768x512.jpg 768w, https:\/\/redelucymontoro.org.br\/site\/wp-content\/uploads\/2025\/09\/metro-2-1536x1024.jpg 1536w, https:\/\/redelucymontoro.org.br\/site\/wp-content\/uploads\/2025\/09\/metro-2-2048x1365.jpg 2048w\" sizes=\"(max-width: 1024px) 100vw, 1024px\" \/><\/figure>\n\n\n\n<p><\/p>\n\n\n\n<figure class=\"wp-block-image size-large is-resized\"><img loading=\"lazy\" decoding=\"async\" width=\"1024\" height=\"683\" src=\"https:\/\/redelucymontoro.org.br\/site\/wp-content\/uploads\/2025\/09\/metro-5-1024x683.jpg\" alt=\"\" class=\"wp-image-12429\" style=\"width:688px;height:auto\" srcset=\"https:\/\/redelucymontoro.org.br\/site\/wp-content\/uploads\/2025\/09\/metro-5-1024x683.jpg 1024w, https:\/\/redelucymontoro.org.br\/site\/wp-content\/uploads\/2025\/09\/metro-5-300x200.jpg 300w, https:\/\/redelucymontoro.org.br\/site\/wp-content\/uploads\/2025\/09\/metro-5-768x512.jpg 768w, https:\/\/redelucymontoro.org.br\/site\/wp-content\/uploads\/2025\/09\/metro-5-1536x1024.jpg 1536w, https:\/\/redelucymontoro.org.br\/site\/wp-content\/uploads\/2025\/09\/metro-5-2048x1365.jpg 2048w\" sizes=\"(max-width: 1024px) 100vw, 1024px\" \/><\/figure>\n\n\n\n<p><\/p>\n\n\n\n<figure class=\"wp-block-image size-large is-resized\"><img loading=\"lazy\" decoding=\"async\" width=\"1024\" height=\"769\" src=\"https:\/\/redelucymontoro.org.br\/site\/wp-content\/uploads\/2025\/09\/banda-metro-1-1024x769.jpeg\" alt=\"\" class=\"wp-image-12393\" style=\"width:696px;height:auto\" srcset=\"https:\/\/redelucymontoro.org.br\/site\/wp-content\/uploads\/2025\/09\/banda-metro-1-1024x769.jpeg 1024w, https:\/\/redelucymontoro.org.br\/site\/wp-content\/uploads\/2025\/09\/banda-metro-1-300x225.jpeg 300w, https:\/\/redelucymontoro.org.br\/site\/wp-content\/uploads\/2025\/09\/banda-metro-1-768x577.jpeg 768w, https:\/\/redelucymontoro.org.br\/site\/wp-content\/uploads\/2025\/09\/banda-metro-1-1536x1154.jpeg 1536w, https:\/\/redelucymontoro.org.br\/site\/wp-content\/uploads\/2025\/09\/banda-metro-1-2048x1538.jpeg 2048w\" sizes=\"(max-width: 1024px) 100vw, 1024px\" \/><\/figure>\n\n\n\n<p><\/p>\n","protected":false},"excerpt":{"rendered":"","protected":false},"author":10,"featured_media":0,"comment_status":"closed","ping_status":"closed","sticky":false,"template":"","format":"standard","meta":{"_acf_changed":false,"inline_featured_image":false,"footnotes":""},"categories":[9],"tags":[],"class_list":["post-12390","post","type-post","status-publish","format-standard","hentry","category-noticias"],"acf":[],"_links":{"self":[{"href":"https:\/\/redelucymontoro.org.br\/site\/wp-json\/wp\/v2\/posts\/12390","targetHints":{"allow":["GET"]}}],"collection":[{"href":"https:\/\/redelucymontoro.org.br\/site\/wp-json\/wp\/v2\/posts"}],"about":[{"href":"https:\/\/redelucymontoro.org.br\/site\/wp-json\/wp\/v2\/types\/post"}],"author":[{"embeddable":true,"href":"https:\/\/redelucymontoro.org.br\/site\/wp-json\/wp\/v2\/users\/10"}],"replies":[{"embeddable":true,"href":"https:\/\/redelucymontoro.org.br\/site\/wp-json\/wp\/v2\/comments?post=12390"}],"version-history":[{"count":4,"href":"https:\/\/redelucymontoro.org.br\/site\/wp-json\/wp\/v2\/posts\/12390\/revisions"}],"predecessor-version":[{"id":12434,"href":"https:\/\/redelucymontoro.org.br\/site\/wp-json\/wp\/v2\/posts\/12390\/revisions\/12434"}],"wp:attachment":[{"href":"https:\/\/redelucymontoro.org.br\/site\/wp-json\/wp\/v2\/media?parent=12390"}],"wp:term":[{"taxonomy":"category","embeddable":true,"href":"https:\/\/redelucymontoro.org.br\/site\/wp-json\/wp\/v2\/categories?post=12390"},{"taxonomy":"post_tag","embeddable":true,"href":"https:\/\/redelucymontoro.org.br\/site\/wp-json\/wp\/v2\/tags?post=12390"}],"curies":[{"name":"wp","href":"https:\/\/api.w.org\/{rel}","templated":true}]}}