{"id":12385,"date":"2025-09-24T12:24:04","date_gmt":"2025-09-24T15:24:04","guid":{"rendered":"https:\/\/redelucymontoro.org.br\/site\/?p=12385"},"modified":"2025-09-24T12:24:04","modified_gmt":"2025-09-24T15:24:04","slug":"imrea-lapa-recebe-capacitacao-em-diversidade-e-inclusao-em-parceria-com-o-incor","status":"publish","type":"post","link":"https:\/\/redelucymontoro.org.br\/site\/imrea-lapa-recebe-capacitacao-em-diversidade-e-inclusao-em-parceria-com-o-incor\/","title":{"rendered":"IMREA Lapa recebe capacita\u00e7\u00e3o em Diversidade e Inclus\u00e3o em parceria com o InCor"},"content":{"rendered":"\n<p>No dia 11 de setembro, o Instituto de Medicina F\u00edsica e Reabilita\u00e7\u00e3o (IMREA) \u2013 Unidade Lapa \u2013 recebeu representantes da \u00e1rea de Diversidade e Inclus\u00e3o do Instituto do Cora\u00e7\u00e3o (InCor) para uma capacita\u00e7\u00e3o voltada aos colaboradores, com foco no tema Letramento em Diversidade e Inclus\u00e3o.<\/p>\n\n\n\n<p>O encontro teve como principal objetivo promover a conscientiza\u00e7\u00e3o sobre a import\u00e2ncia do respeito \u00e0s diferen\u00e7as no ambiente de trabalho e no atendimento aos pacientes, combatendo o preconceito e a discrimina\u00e7\u00e3o, al\u00e9m de incentivar a mudan\u00e7a de comportamentos e atitudes.<\/p>\n\n\n\n<p>O InCor \u00e9 refer\u00eancia no Complexo HCFMUSP quando o assunto \u00e9 inclus\u00e3o. Desde 2009, a institui\u00e7\u00e3o \u00e9 pioneira na promo\u00e7\u00e3o de acessibilidade lingu\u00edstica, especialmente com a implementa\u00e7\u00e3o da L\u00edngua Brasileira de Sinais (Libras) no atendimento a pacientes surdos e com defici\u00eancia auditiva. Em 2022, o Conselho Diretor do InCor formalizou a cria\u00e7\u00e3o da \u00e1rea de Diversidade e Inclus\u00e3o, com a miss\u00e3o de orientar, capacitar e apoiar os colaboradores no enfrentamento das mais diversas situa\u00e7\u00f5es relacionadas \u00e0 diversidade no dia a dia hospitalar.<\/p>\n\n\n\n<p>\u201cCome\u00e7amos a \u00e1rea de Diversidade dentro do InCor e, a partir disso, recebemos o convite da Superintend\u00eancia do HC para levarmos essa capacita\u00e7\u00e3o a outros Institutos do Complexo. Acreditamos que, por meio da quebra de barreiras atitudinais e do atendimento igualit\u00e1rio aos pacientes, construiremos um hospital mais humano e diverso\u201d, destacou Val\u00e9ria Torres, gestora da \u00e1rea de Diversidade e Inclus\u00e3o do InCor.<\/p>\n\n\n\n<p>A iniciativa teve in\u00edcio em junho na unidade IMREA Umarizal e seguir\u00e1 sendo implementada nas demais unidades nos pr\u00f3ximos meses.<\/p>\n\n\n\n<p>Para&nbsp;Wagner Silva Galv\u00e3o<strong>,<\/strong>&nbsp;respons\u00e1vel pela \u00e1rea de Opera\u00e7\u00f5es e Treinamentos do IMREA, a capacita\u00e7\u00e3o refor\u00e7a o compromisso da institui\u00e7\u00e3o com a inclus\u00e3o. \u201cEste ano celebramos os 10 anos da Lei Brasileira de Inclus\u00e3o (LBI), e nosso compromisso com o atendimento em reabilita\u00e7\u00e3o, guiado pela promo\u00e7\u00e3o da autonomia, dignidade e cidadania da pessoa com defici\u00eancia, \u00e9 refor\u00e7ado diariamente aos nossos colaboradores. Receber a \u00e1rea de Diversidade e Inclus\u00e3o do InCor nos ajuda a construir e fortalecer conceitos que contribuem para um ambiente de trabalho e uma sociedade mais justa, diversa e plural\u201d, concluiu.<\/p>\n\n\n\n<figure class=\"wp-block-image size-large is-resized\"><img fetchpriority=\"high\" decoding=\"async\" width=\"1024\" height=\"768\" src=\"https:\/\/redelucymontoro.org.br\/site\/wp-content\/uploads\/2025\/09\/letramento-1-1024x768.jpeg\" alt=\"\" class=\"wp-image-12386\" style=\"width:538px;height:auto\" srcset=\"https:\/\/redelucymontoro.org.br\/site\/wp-content\/uploads\/2025\/09\/letramento-1-1024x768.jpeg 1024w, https:\/\/redelucymontoro.org.br\/site\/wp-content\/uploads\/2025\/09\/letramento-1-300x225.jpeg 300w, https:\/\/redelucymontoro.org.br\/site\/wp-content\/uploads\/2025\/09\/letramento-1-768x576.jpeg 768w, https:\/\/redelucymontoro.org.br\/site\/wp-content\/uploads\/2025\/09\/letramento-1.jpeg 1280w\" sizes=\"(max-width: 1024px) 100vw, 1024px\" \/><\/figure>\n\n\n\n<p><\/p>\n\n\n\n<figure class=\"wp-block-image size-large is-resized\"><img decoding=\"async\" width=\"1024\" height=\"768\" src=\"https:\/\/redelucymontoro.org.br\/site\/wp-content\/uploads\/2025\/09\/letramento-2-1024x768.jpeg\" alt=\"\" class=\"wp-image-12387\" style=\"width:535px;height:auto\" srcset=\"https:\/\/redelucymontoro.org.br\/site\/wp-content\/uploads\/2025\/09\/letramento-2-1024x768.jpeg 1024w, https:\/\/redelucymontoro.org.br\/site\/wp-content\/uploads\/2025\/09\/letramento-2-300x225.jpeg 300w, https:\/\/redelucymontoro.org.br\/site\/wp-content\/uploads\/2025\/09\/letramento-2-768x576.jpeg 768w, https:\/\/redelucymontoro.org.br\/site\/wp-content\/uploads\/2025\/09\/letramento-2.jpeg 1280w\" sizes=\"(max-width: 1024px) 100vw, 1024px\" \/><\/figure>\n\n\n\n<p><\/p>\n\n\n\n<figure class=\"wp-block-image size-large is-resized\"><img decoding=\"async\" width=\"1024\" height=\"768\" src=\"https:\/\/redelucymontoro.org.br\/site\/wp-content\/uploads\/2025\/09\/letramento-3-1024x768.jpeg\" alt=\"\" class=\"wp-image-12388\" style=\"width:538px;height:auto\" srcset=\"https:\/\/redelucymontoro.org.br\/site\/wp-content\/uploads\/2025\/09\/letramento-3-1024x768.jpeg 1024w, https:\/\/redelucymontoro.org.br\/site\/wp-content\/uploads\/2025\/09\/letramento-3-300x225.jpeg 300w, https:\/\/redelucymontoro.org.br\/site\/wp-content\/uploads\/2025\/09\/letramento-3-768x576.jpeg 768w, https:\/\/redelucymontoro.org.br\/site\/wp-content\/uploads\/2025\/09\/letramento-3.jpeg 1280w\" sizes=\"(max-width: 1024px) 100vw, 1024px\" \/><\/figure>\n\n\n\n<p><\/p>\n","protected":false},"excerpt":{"rendered":"","protected":false},"author":10,"featured_media":0,"comment_status":"closed","ping_status":"closed","sticky":false,"template":"","format":"standard","meta":{"_acf_changed":false,"inline_featured_image":false,"footnotes":""},"categories":[9],"tags":[],"class_list":["post-12385","post","type-post","status-publish","format-standard","hentry","category-noticias"],"acf":[],"_links":{"self":[{"href":"https:\/\/redelucymontoro.org.br\/site\/wp-json\/wp\/v2\/posts\/12385","targetHints":{"allow":["GET"]}}],"collection":[{"href":"https:\/\/redelucymontoro.org.br\/site\/wp-json\/wp\/v2\/posts"}],"about":[{"href":"https:\/\/redelucymontoro.org.br\/site\/wp-json\/wp\/v2\/types\/post"}],"author":[{"embeddable":true,"href":"https:\/\/redelucymontoro.org.br\/site\/wp-json\/wp\/v2\/users\/10"}],"replies":[{"embeddable":true,"href":"https:\/\/redelucymontoro.org.br\/site\/wp-json\/wp\/v2\/comments?post=12385"}],"version-history":[{"count":1,"href":"https:\/\/redelucymontoro.org.br\/site\/wp-json\/wp\/v2\/posts\/12385\/revisions"}],"predecessor-version":[{"id":12389,"href":"https:\/\/redelucymontoro.org.br\/site\/wp-json\/wp\/v2\/posts\/12385\/revisions\/12389"}],"wp:attachment":[{"href":"https:\/\/redelucymontoro.org.br\/site\/wp-json\/wp\/v2\/media?parent=12385"}],"wp:term":[{"taxonomy":"category","embeddable":true,"href":"https:\/\/redelucymontoro.org.br\/site\/wp-json\/wp\/v2\/categories?post=12385"},{"taxonomy":"post_tag","embeddable":true,"href":"https:\/\/redelucymontoro.org.br\/site\/wp-json\/wp\/v2\/tags?post=12385"}],"curies":[{"name":"wp","href":"https:\/\/api.w.org\/{rel}","templated":true}]}}