{"id":12365,"date":"2025-09-02T09:27:42","date_gmt":"2025-09-02T12:27:42","guid":{"rendered":"https:\/\/redelucymontoro.org.br\/site\/?p=12365"},"modified":"2025-09-30T08:51:24","modified_gmt":"2025-09-30T11:51:24","slug":"tv-globo-aborda-acidentes-com-patinetes-eletricos","status":"publish","type":"post","link":"https:\/\/redelucymontoro.org.br\/site\/tv-globo-aborda-acidentes-com-patinetes-eletricos\/","title":{"rendered":"TV Globo Aborda Acidentes com Patinetes El\u00e9tricos"},"content":{"rendered":"\n<p>Confira reportagem do jornal Bom Dia Brasil (TV Globo) sobre os riscos de acidentes<br>com patinetes el\u00e9tricos, com participa\u00e7\u00e3o do Prof. Dr. Andr\u00e9 Sugawara.<\/p>\n\n\n\n<p><a href=\"https:\/\/globoplay.globo.com\/v\/13889823\">https:\/\/globoplay.globo.com\/v\/13889823<\/a><\/p>\n\n\n\n<p><\/p>\n","protected":false},"excerpt":{"rendered":"","protected":false},"author":11,"featured_media":0,"comment_status":"closed","ping_status":"closed","sticky":false,"template":"","format":"standard","meta":{"_acf_changed":false,"inline_featured_image":false,"footnotes":""},"categories":[10,54],"tags":[],"class_list":["post-12365","post","type-post","status-publish","format-standard","hentry","category-imprensa","category-lucy-na-midia"],"acf":[],"_links":{"self":[{"href":"https:\/\/redelucymontoro.org.br\/site\/wp-json\/wp\/v2\/posts\/12365","targetHints":{"allow":["GET"]}}],"collection":[{"href":"https:\/\/redelucymontoro.org.br\/site\/wp-json\/wp\/v2\/posts"}],"about":[{"href":"https:\/\/redelucymontoro.org.br\/site\/wp-json\/wp\/v2\/types\/post"}],"author":[{"embeddable":true,"href":"https:\/\/redelucymontoro.org.br\/site\/wp-json\/wp\/v2\/users\/11"}],"replies":[{"embeddable":true,"href":"https:\/\/redelucymontoro.org.br\/site\/wp-json\/wp\/v2\/comments?post=12365"}],"version-history":[{"count":1,"href":"https:\/\/redelucymontoro.org.br\/site\/wp-json\/wp\/v2\/posts\/12365\/revisions"}],"predecessor-version":[{"id":12366,"href":"https:\/\/redelucymontoro.org.br\/site\/wp-json\/wp\/v2\/posts\/12365\/revisions\/12366"}],"wp:attachment":[{"href":"https:\/\/redelucymontoro.org.br\/site\/wp-json\/wp\/v2\/media?parent=12365"}],"wp:term":[{"taxonomy":"category","embeddable":true,"href":"https:\/\/redelucymontoro.org.br\/site\/wp-json\/wp\/v2\/categories?post=12365"},{"taxonomy":"post_tag","embeddable":true,"href":"https:\/\/redelucymontoro.org.br\/site\/wp-json\/wp\/v2\/tags?post=12365"}],"curies":[{"name":"wp","href":"https:\/\/api.w.org\/{rel}","templated":true}]}}