{"id":12323,"date":"2025-08-22T11:29:35","date_gmt":"2025-08-22T14:29:35","guid":{"rendered":"https:\/\/redelucymontoro.org.br\/site\/?p=12323"},"modified":"2025-08-22T11:29:36","modified_gmt":"2025-08-22T14:29:36","slug":"imrea-e-instituto-lucy-montoro-sediam-simposios-internacionais-sobre-inovacao-neurociencia-e-reabilitacao","status":"publish","type":"post","link":"https:\/\/redelucymontoro.org.br\/site\/imrea-e-instituto-lucy-montoro-sediam-simposios-internacionais-sobre-inovacao-neurociencia-e-reabilitacao\/","title":{"rendered":"IMREA e Instituto Lucy Montoro sediam Simp\u00f3sios Internacionais sobre Inova\u00e7\u00e3o, Neuroci\u00eancia e Reabilita\u00e7\u00e3o"},"content":{"rendered":"\n<p>Entre os dias 14 e 17 de agosto, o Instituto de Medicina F\u00edsica e Reabilita\u00e7\u00e3o do Hospital das Cl\u00ednicas da Faculdade de Medicina da USP (IMREA) e o Instituto de Reabilita\u00e7\u00e3o Lucy Montoro (IRLM) foram palco de tr\u00eas importantes eventos cient\u00edficos internacionais: o XVII Simp\u00f3sio Internacional sobre Neuromodula\u00e7\u00e3o, o IV Simp\u00f3sio sobre Inova\u00e7\u00e3o e Neuroci\u00eancia Translacional e a IV Confer\u00eancia Internacional de Pesquisa Cl\u00ednica.<\/p>\n\n\n\n<p>Organizados pela Associa\u00e7\u00e3o Instituto Scala, os simp\u00f3sios reuniram especialistas de diversas \u00e1reas \u2013 como m\u00e9dicos fisiatras, pesquisadores, engenheiros, neurologistas, advogados e neurocientistas \u2013 com o objetivo de compartilhar conhecimentos e debater os avan\u00e7os da ci\u00eancia na \u00e1rea de reabilita\u00e7\u00e3o neurol\u00f3gica. A programa\u00e7\u00e3o contou com a participa\u00e7\u00e3o da professora doutora Linamara Rizzo Battistella, presidente do Conselho Diretor do IMREA\/Rede Lucy Montoro, e do professor doutor Felipe Fregni, da Harvard Medical School.<\/p>\n\n\n\n<p>Durante os eventos, foram discutidas as mais recentes tecnologias voltadas \u00e0 reabilita\u00e7\u00e3o, com foco em terapias n\u00e3o invasivas e abordagens centradas na sa\u00fade e na funcionalidade dos pacientes. Equipamentos de rob\u00f3tica, t\u00e9cnicas de neuromodula\u00e7\u00e3o e solu\u00e7\u00f5es baseadas em intelig\u00eancia artificial foram alguns dos destaques apresentados, muitos deles j\u00e1 dispon\u00edveis em vers\u00f5es port\u00e1teis que permitem a reabilita\u00e7\u00e3o domiciliar com monitoramento remoto.<\/p>\n\n\n\n<p>\u201cA oportunidade de discutir os avan\u00e7os da ci\u00eancia em sa\u00fade digital, t\u00e9cnicas n\u00e3o invasivas personalizadas e protocolos espec\u00edficos que impactam diretamente a autonomia e sociabilidade dos pacientes \u00e9 maravilhosa\u201d, afirmou a professora Linamara. Ela tamb\u00e9m destacou a import\u00e2ncia de desenvolver estrat\u00e9gias de reabilita\u00e7\u00e3o que substituam tratamentos exclusivamente medicamentosos por solu\u00e7\u00f5es tecnol\u00f3gicas acess\u00edveis e eficazes: \u201cTemos que investir em terapias que o paciente possa levar para casa, como dispositivos monitorados remotamente, promovendo uma verdadeira medicina do futuro\u201d.<\/p>\n\n\n\n<p>A parceria entre a USP e a Universidade de Harvard, que h\u00e1 17 anos realizam o simp\u00f3sio de forma colaborativa, refor\u00e7a o compromisso com a produ\u00e7\u00e3o cient\u00edfica de excel\u00eancia e a troca internacional de conhecimento. \u201cQueremos inspirar novas perguntas e reflex\u00f5es que impulsionem o avan\u00e7o da ci\u00eancia\u201d, concluiu o professor Felipe Fregni.<\/p>\n\n\n\n<p>Os simp\u00f3sios refor\u00e7am a lideran\u00e7a do Brasil na \u00e1rea de reabilita\u00e7\u00e3o baseada em inova\u00e7\u00e3o tecnol\u00f3gica e contribuem significativamente para o desenvolvimento de solu\u00e7\u00f5es focadas na melhora da qualidade de vida dos pacientes.<\/p>\n\n\n\n<figure class=\"wp-block-image size-large is-resized\"><img fetchpriority=\"high\" decoding=\"async\" width=\"1024\" height=\"683\" src=\"https:\/\/redelucymontoro.org.br\/site\/wp-content\/uploads\/2025\/08\/simposio-4-1024x683.jpg\" alt=\"\" class=\"wp-image-12324\" style=\"width:649px;height:auto\" srcset=\"https:\/\/redelucymontoro.org.br\/site\/wp-content\/uploads\/2025\/08\/simposio-4-1024x683.jpg 1024w, https:\/\/redelucymontoro.org.br\/site\/wp-content\/uploads\/2025\/08\/simposio-4-300x200.jpg 300w, https:\/\/redelucymontoro.org.br\/site\/wp-content\/uploads\/2025\/08\/simposio-4-768x512.jpg 768w, https:\/\/redelucymontoro.org.br\/site\/wp-content\/uploads\/2025\/08\/simposio-4.jpg 1200w\" sizes=\"(max-width: 1024px) 100vw, 1024px\" \/><\/figure>\n\n\n\n<p><\/p>\n\n\n\n<figure class=\"wp-block-image size-large is-resized\"><img decoding=\"async\" width=\"1024\" height=\"683\" src=\"https:\/\/redelucymontoro.org.br\/site\/wp-content\/uploads\/2025\/08\/simposio-5-1024x683.jpg\" alt=\"\" class=\"wp-image-12325\" style=\"width:645px;height:auto\" srcset=\"https:\/\/redelucymontoro.org.br\/site\/wp-content\/uploads\/2025\/08\/simposio-5-1024x683.jpg 1024w, https:\/\/redelucymontoro.org.br\/site\/wp-content\/uploads\/2025\/08\/simposio-5-300x200.jpg 300w, https:\/\/redelucymontoro.org.br\/site\/wp-content\/uploads\/2025\/08\/simposio-5-768x512.jpg 768w, https:\/\/redelucymontoro.org.br\/site\/wp-content\/uploads\/2025\/08\/simposio-5.jpg 1200w\" sizes=\"(max-width: 1024px) 100vw, 1024px\" \/><\/figure>\n\n\n\n<p><\/p>\n\n\n\n<figure class=\"wp-block-image size-large is-resized\"><img decoding=\"async\" width=\"1024\" height=\"683\" src=\"https:\/\/redelucymontoro.org.br\/site\/wp-content\/uploads\/2025\/08\/simposio2-1024x683.jpg\" alt=\"\" class=\"wp-image-12326\" style=\"width:649px;height:auto\" srcset=\"https:\/\/redelucymontoro.org.br\/site\/wp-content\/uploads\/2025\/08\/simposio2-1024x683.jpg 1024w, https:\/\/redelucymontoro.org.br\/site\/wp-content\/uploads\/2025\/08\/simposio2-300x200.jpg 300w, https:\/\/redelucymontoro.org.br\/site\/wp-content\/uploads\/2025\/08\/simposio2-768x512.jpg 768w, https:\/\/redelucymontoro.org.br\/site\/wp-content\/uploads\/2025\/08\/simposio2.jpg 1200w\" sizes=\"(max-width: 1024px) 100vw, 1024px\" \/><\/figure>\n\n\n\n<p><\/p>\n\n\n\n<figure class=\"wp-block-image size-large is-resized\"><img loading=\"lazy\" decoding=\"async\" width=\"1024\" height=\"683\" src=\"https:\/\/redelucymontoro.org.br\/site\/wp-content\/uploads\/2025\/08\/simposio1-1024x683.jpg\" alt=\"\" class=\"wp-image-12327\" style=\"width:650px;height:auto\" srcset=\"https:\/\/redelucymontoro.org.br\/site\/wp-content\/uploads\/2025\/08\/simposio1-1024x683.jpg 1024w, https:\/\/redelucymontoro.org.br\/site\/wp-content\/uploads\/2025\/08\/simposio1-300x200.jpg 300w, https:\/\/redelucymontoro.org.br\/site\/wp-content\/uploads\/2025\/08\/simposio1-768x512.jpg 768w, https:\/\/redelucymontoro.org.br\/site\/wp-content\/uploads\/2025\/08\/simposio1.jpg 1200w\" sizes=\"(max-width: 1024px) 100vw, 1024px\" \/><\/figure>\n\n\n\n<p><\/p>\n","protected":false},"excerpt":{"rendered":"","protected":false},"author":10,"featured_media":0,"comment_status":"closed","ping_status":"closed","sticky":false,"template":"","format":"standard","meta":{"_acf_changed":false,"inline_featured_image":false,"footnotes":""},"categories":[9],"tags":[],"class_list":["post-12323","post","type-post","status-publish","format-standard","hentry","category-noticias"],"acf":[],"_links":{"self":[{"href":"https:\/\/redelucymontoro.org.br\/site\/wp-json\/wp\/v2\/posts\/12323","targetHints":{"allow":["GET"]}}],"collection":[{"href":"https:\/\/redelucymontoro.org.br\/site\/wp-json\/wp\/v2\/posts"}],"about":[{"href":"https:\/\/redelucymontoro.org.br\/site\/wp-json\/wp\/v2\/types\/post"}],"author":[{"embeddable":true,"href":"https:\/\/redelucymontoro.org.br\/site\/wp-json\/wp\/v2\/users\/10"}],"replies":[{"embeddable":true,"href":"https:\/\/redelucymontoro.org.br\/site\/wp-json\/wp\/v2\/comments?post=12323"}],"version-history":[{"count":1,"href":"https:\/\/redelucymontoro.org.br\/site\/wp-json\/wp\/v2\/posts\/12323\/revisions"}],"predecessor-version":[{"id":12328,"href":"https:\/\/redelucymontoro.org.br\/site\/wp-json\/wp\/v2\/posts\/12323\/revisions\/12328"}],"wp:attachment":[{"href":"https:\/\/redelucymontoro.org.br\/site\/wp-json\/wp\/v2\/media?parent=12323"}],"wp:term":[{"taxonomy":"category","embeddable":true,"href":"https:\/\/redelucymontoro.org.br\/site\/wp-json\/wp\/v2\/categories?post=12323"},{"taxonomy":"post_tag","embeddable":true,"href":"https:\/\/redelucymontoro.org.br\/site\/wp-json\/wp\/v2\/tags?post=12323"}],"curies":[{"name":"wp","href":"https:\/\/api.w.org\/{rel}","templated":true}]}}