{"id":12294,"date":"2025-08-19T10:20:40","date_gmt":"2025-08-19T13:20:40","guid":{"rendered":"https:\/\/redelucymontoro.org.br\/site\/?p=12294"},"modified":"2025-08-19T10:20:40","modified_gmt":"2025-08-19T13:20:40","slug":"imrea-lapa-recebe-visita-da-diretoria-clinica-do-hospital-das-clinicas","status":"publish","type":"post","link":"https:\/\/redelucymontoro.org.br\/site\/imrea-lapa-recebe-visita-da-diretoria-clinica-do-hospital-das-clinicas\/","title":{"rendered":"IMREA Lapa recebe visita da Diretoria Cl\u00ednica do Hospital das Cl\u00ednicas"},"content":{"rendered":"\n<p>No \u00faltimo dia 11 de agosto, o Instituto de Medicina F\u00edsica e Reabilita\u00e7\u00e3o (IMREA) da unidade Lapa recebeu a visita da Diretoria Cl\u00ednica do Hospital das Cl\u00ednicas da Faculdade de Medicina da USP (HCFMUSP).&nbsp;<br><br>O encontro teve como objetivo apresentar os programas e avan\u00e7os da unidade, que se destaca na reabilita\u00e7\u00e3o de pacientes com diversas condi\u00e7\u00f5es neurol\u00f3gicas, ortop\u00e9dicas, reumatol\u00f3gicas, al\u00e9m de casos de amputa\u00e7\u00e3o, hemofilia e s\u00edndrome de Down infantil.<\/p>\n\n\n\n<p>Durante a visita, os representantes da Diretoria Cl\u00ednica conheceram o programa de reabilita\u00e7\u00e3o ambulatorial, voltado \u00e0s s\u00edndromes neurol\u00f3gicas paral\u00edticas e outras condi\u00e7\u00f5es que demandam acompanhamento especializado. Tamb\u00e9m foi apresentado o espa\u00e7o dos Re Abillitys Labs<strong>,<\/strong>&nbsp;que oferecem oficinas terap\u00eauticas integradas entre as equipes de fisioterapia, fonoaudiologia, terapia ocupacional e psicologia, com foco no desenvolvimento f\u00edsico e cognitivo dos pacientes, tanto em regime ambulatorial quanto de interna\u00e7\u00e3o.<br><br>Outro destaque foi a \u00e1rea de tecnologias assistivas, respons\u00e1vel pela entrega e adapta\u00e7\u00e3o de \u00f3rteses, pr\u00f3teses e meios auxiliares de locomo\u00e7\u00e3o, al\u00e9m da produ\u00e7\u00e3o personalizada de estofados e encostos para cadeiras de rodas, conforme as necessidades individuais dos pacientes.<br><br>A visita foi conduzida pelas Diretoras do Corpo Cl\u00ednico do IMREA \u2013 Dra. Mariana Cavazzoni Lima de Carvalho, Dra. Mariane Tateishi e Dra. Gabriella Souza Naves<strong>&nbsp;<\/strong>\u2013 com a presen\u00e7a do Diretor Executivo, Dr. Vin\u00edcius Delgado Ramos, e do Diretor Administrativo da unidade Lapa, Sr. Fl\u00e1vio Falanga.<br><br>Ao final do percurso, os visitantes assistiram uma performance de fisio dance, coordenada pela fisioterapeuta Natalie Alves Vaccari, e a uma apresenta\u00e7\u00e3o institucional realizada pela Dra. Mariana Cavazzoni, que destacou a estrutura e os diferenciais do IMREA Lapa.<\/p>\n\n\n\n<p>\u201c\u00c9 com muito orgulho que apresentamos os atendimentos e a infraestrutura do IMREA Lapa, que contempla oficinas de express\u00e3o corporal, teatro, arte em papel, jardinagem, entre outras atividades que promovem o desenvolvimento cognitivo e funcional dos nossos pacientes\u201d, afirmou a Dra. Mariana.<br><br>Ela tamb\u00e9m ressaltou os recentes avan\u00e7os da unidade: \u201cPassamos por uma reforma que modernizou as \u00e1reas assistenciais e ampliou os atendimentos por meio da sa\u00fade digital, como os teleatendimentos, l\u00e9m do fortalecimento do projeto \u2018Pares\u2019, que promove o apoio entre pacientes em processo de reabilita\u00e7\u00e3o. Destacamos ainda a parceria com o Comit\u00ea Paral\u00edmpico para inclus\u00e3o social por meio do esporte adaptado.\u201d<br><br>O Diretor Cl\u00ednico do HCFMUSP, Prof. Dr. Edivaldo Massazo Utiyama, agradeceu a recep\u00e7\u00e3o e elogiou o trabalho desenvolvido pela unidade. \u201cEsta visita refor\u00e7a nosso compromisso com um hospital voltado \u00e0s necessidades reais dos pacientes, integrando assist\u00eancia e socializa\u00e7\u00e3o, e promovendo a humaniza\u00e7\u00e3o da sa\u00fade em todas as suas especialidades.\u201d<\/p>\n\n\n\n<p>A visita institucional refor\u00e7a a import\u00e2ncia do trabalho integrado entre unidades do Hospital das Cl\u00ednicas e o compromisso cont\u00ednuo com a excel\u00eancia no atendimento em reabilita\u00e7\u00e3o.<\/p>\n\n\n\n<figure class=\"wp-block-image size-large is-resized\"><img fetchpriority=\"high\" decoding=\"async\" width=\"1024\" height=\"768\" src=\"https:\/\/redelucymontoro.org.br\/site\/wp-content\/uploads\/2025\/08\/visita-1-1024x768.jpeg\" alt=\"\" class=\"wp-image-12295\" style=\"width:616px;height:auto\" srcset=\"https:\/\/redelucymontoro.org.br\/site\/wp-content\/uploads\/2025\/08\/visita-1-1024x768.jpeg 1024w, https:\/\/redelucymontoro.org.br\/site\/wp-content\/uploads\/2025\/08\/visita-1-300x225.jpeg 300w, https:\/\/redelucymontoro.org.br\/site\/wp-content\/uploads\/2025\/08\/visita-1-768x576.jpeg 768w, https:\/\/redelucymontoro.org.br\/site\/wp-content\/uploads\/2025\/08\/visita-1.jpeg 1200w\" sizes=\"(max-width: 1024px) 100vw, 1024px\" \/><\/figure>\n\n\n\n<p><\/p>\n\n\n\n<figure class=\"wp-block-image size-large is-resized\"><img decoding=\"async\" width=\"768\" height=\"1024\" src=\"https:\/\/redelucymontoro.org.br\/site\/wp-content\/uploads\/2025\/08\/visita-9-768x1024.jpeg\" alt=\"\" class=\"wp-image-12298\" style=\"width:614px;height:auto\" srcset=\"https:\/\/redelucymontoro.org.br\/site\/wp-content\/uploads\/2025\/08\/visita-9-768x1024.jpeg 768w, https:\/\/redelucymontoro.org.br\/site\/wp-content\/uploads\/2025\/08\/visita-9-225x300.jpeg 225w, https:\/\/redelucymontoro.org.br\/site\/wp-content\/uploads\/2025\/08\/visita-9.jpeg 900w\" sizes=\"(max-width: 768px) 100vw, 768px\" \/><\/figure>\n\n\n\n<p><\/p>\n\n\n\n<figure class=\"wp-block-image size-large is-resized\"><img decoding=\"async\" width=\"768\" height=\"1024\" src=\"https:\/\/redelucymontoro.org.br\/site\/wp-content\/uploads\/2025\/08\/visita-4-768x1024.jpeg\" alt=\"\" class=\"wp-image-12299\" style=\"width:621px;height:auto\" srcset=\"https:\/\/redelucymontoro.org.br\/site\/wp-content\/uploads\/2025\/08\/visita-4-768x1024.jpeg 768w, https:\/\/redelucymontoro.org.br\/site\/wp-content\/uploads\/2025\/08\/visita-4-225x300.jpeg 225w, https:\/\/redelucymontoro.org.br\/site\/wp-content\/uploads\/2025\/08\/visita-4.jpeg 900w\" sizes=\"(max-width: 768px) 100vw, 768px\" \/><\/figure>\n\n\n\n<p><\/p>\n\n\n\n<figure class=\"wp-block-image size-large is-resized\"><img loading=\"lazy\" decoding=\"async\" width=\"1024\" height=\"768\" src=\"https:\/\/redelucymontoro.org.br\/site\/wp-content\/uploads\/2025\/08\/visita-6-1024x768.jpeg\" alt=\"\" class=\"wp-image-12300\" style=\"width:624px;height:auto\" srcset=\"https:\/\/redelucymontoro.org.br\/site\/wp-content\/uploads\/2025\/08\/visita-6-1024x768.jpeg 1024w, https:\/\/redelucymontoro.org.br\/site\/wp-content\/uploads\/2025\/08\/visita-6-300x225.jpeg 300w, https:\/\/redelucymontoro.org.br\/site\/wp-content\/uploads\/2025\/08\/visita-6-768x576.jpeg 768w, https:\/\/redelucymontoro.org.br\/site\/wp-content\/uploads\/2025\/08\/visita-6.jpeg 1200w\" sizes=\"(max-width: 1024px) 100vw, 1024px\" \/><\/figure>\n\n\n\n<p><\/p>\n\n\n\n<figure class=\"wp-block-image size-large is-resized\"><img loading=\"lazy\" decoding=\"async\" width=\"1024\" height=\"768\" src=\"https:\/\/redelucymontoro.org.br\/site\/wp-content\/uploads\/2025\/08\/visita-8-1024x768.jpeg\" alt=\"\" class=\"wp-image-12301\" style=\"width:630px;height:auto\" srcset=\"https:\/\/redelucymontoro.org.br\/site\/wp-content\/uploads\/2025\/08\/visita-8-1024x768.jpeg 1024w, https:\/\/redelucymontoro.org.br\/site\/wp-content\/uploads\/2025\/08\/visita-8-300x225.jpeg 300w, https:\/\/redelucymontoro.org.br\/site\/wp-content\/uploads\/2025\/08\/visita-8-768x576.jpeg 768w, https:\/\/redelucymontoro.org.br\/site\/wp-content\/uploads\/2025\/08\/visita-8.jpeg 1200w\" sizes=\"(max-width: 1024px) 100vw, 1024px\" \/><\/figure>\n\n\n\n<p><\/p>\n\n\n\n<figure class=\"wp-block-image size-large is-resized\"><img loading=\"lazy\" decoding=\"async\" width=\"1024\" height=\"768\" src=\"https:\/\/redelucymontoro.org.br\/site\/wp-content\/uploads\/2025\/08\/visita-DC-HC-Lapa12-1024x768.jpeg\" alt=\"\" class=\"wp-image-12302\" style=\"width:635px;height:auto\" srcset=\"https:\/\/redelucymontoro.org.br\/site\/wp-content\/uploads\/2025\/08\/visita-DC-HC-Lapa12-1024x768.jpeg 1024w, https:\/\/redelucymontoro.org.br\/site\/wp-content\/uploads\/2025\/08\/visita-DC-HC-Lapa12-300x225.jpeg 300w, https:\/\/redelucymontoro.org.br\/site\/wp-content\/uploads\/2025\/08\/visita-DC-HC-Lapa12-768x576.jpeg 768w, https:\/\/redelucymontoro.org.br\/site\/wp-content\/uploads\/2025\/08\/visita-DC-HC-Lapa12.jpeg 1200w\" sizes=\"(max-width: 1024px) 100vw, 1024px\" \/><\/figure>\n","protected":false},"excerpt":{"rendered":"","protected":false},"author":10,"featured_media":0,"comment_status":"closed","ping_status":"closed","sticky":false,"template":"","format":"standard","meta":{"_acf_changed":false,"inline_featured_image":false,"footnotes":""},"categories":[9],"tags":[],"class_list":["post-12294","post","type-post","status-publish","format-standard","hentry","category-noticias"],"acf":[],"_links":{"self":[{"href":"https:\/\/redelucymontoro.org.br\/site\/wp-json\/wp\/v2\/posts\/12294","targetHints":{"allow":["GET"]}}],"collection":[{"href":"https:\/\/redelucymontoro.org.br\/site\/wp-json\/wp\/v2\/posts"}],"about":[{"href":"https:\/\/redelucymontoro.org.br\/site\/wp-json\/wp\/v2\/types\/post"}],"author":[{"embeddable":true,"href":"https:\/\/redelucymontoro.org.br\/site\/wp-json\/wp\/v2\/users\/10"}],"replies":[{"embeddable":true,"href":"https:\/\/redelucymontoro.org.br\/site\/wp-json\/wp\/v2\/comments?post=12294"}],"version-history":[{"count":1,"href":"https:\/\/redelucymontoro.org.br\/site\/wp-json\/wp\/v2\/posts\/12294\/revisions"}],"predecessor-version":[{"id":12303,"href":"https:\/\/redelucymontoro.org.br\/site\/wp-json\/wp\/v2\/posts\/12294\/revisions\/12303"}],"wp:attachment":[{"href":"https:\/\/redelucymontoro.org.br\/site\/wp-json\/wp\/v2\/media?parent=12294"}],"wp:term":[{"taxonomy":"category","embeddable":true,"href":"https:\/\/redelucymontoro.org.br\/site\/wp-json\/wp\/v2\/categories?post=12294"},{"taxonomy":"post_tag","embeddable":true,"href":"https:\/\/redelucymontoro.org.br\/site\/wp-json\/wp\/v2\/tags?post=12294"}],"curies":[{"name":"wp","href":"https:\/\/api.w.org\/{rel}","templated":true}]}}