{"id":12291,"date":"2025-08-19T10:16:38","date_gmt":"2025-08-19T13:16:38","guid":{"rendered":"https:\/\/redelucymontoro.org.br\/site\/?p=12291"},"modified":"2025-08-19T10:16:39","modified_gmt":"2025-08-19T13:16:39","slug":"representantes-das-casas-andre-luiz-visitam-o-imrea-vila-mariana-e-conhecem-tecnologias-de-reabilitacao","status":"publish","type":"post","link":"https:\/\/redelucymontoro.org.br\/site\/representantes-das-casas-andre-luiz-visitam-o-imrea-vila-mariana-e-conhecem-tecnologias-de-reabilitacao\/","title":{"rendered":"Representantes das Casas Andr\u00e9 Luiz visitam o IMREA Vila Mariana e conhecem tecnologias de reabilita\u00e7\u00e3o"},"content":{"rendered":"\n<p>No dia 30 de julho, o Instituto de Medicina F\u00edsica e Reabilita\u00e7\u00e3o (IMREA) \u2013 unidade Vila Mariana \u2013 recebeu a visita de representantes das Casas Andr\u00e9 Luiz, institui\u00e7\u00e3o filantr\u00f3pica que oferece atendimento gratuito \u00e0 pessoas com defici\u00eancia.<\/p>\n\n\n\n<p>Durante a visita, as representantes puderam conhecer de perto os programas de reabilita\u00e7\u00e3o nas modalidades ambulatorial e de interna\u00e7\u00e3o, al\u00e9m de tecnologias rob\u00f3ticas aplicadas \u00e0 reabilita\u00e7\u00e3o de membros superiores e inferiores, voltadas a pacientes com dificuldades de marcha.<br><br>O grupo tamb\u00e9m visitou a \u00e1rea de Bioengenharia da unidade, que desenvolve projetos de tecnologias assistivas voltadas \u00e0 melhoria da qualidade de vida dos pacientes.<br><br>\u201cFoi \u00f3timo conhecer a unidade e entender melhor como voc\u00eas estruturam os espa\u00e7os. A forma como a identidade visual est\u00e1 aplicada nos chamou bastante aten\u00e7\u00e3o e, com certeza, ser\u00e1 uma boa refer\u00eancia para o trabalho que estamos desenvolvendo no nosso novo ambulat\u00f3rio\u201d, destacou Rayssa Coutinho, colaboradora da \u00e1rea de comunica\u00e7\u00e3o e marketing das Casas Andr\u00e9 Luiz.<\/p>\n\n\n\n<figure class=\"wp-block-image size-large is-resized\"><img fetchpriority=\"high\" decoding=\"async\" width=\"1024\" height=\"682\" src=\"https:\/\/redelucymontoro.org.br\/site\/wp-content\/uploads\/2025\/08\/visita-casa-andre-luiz_Easy-Resize.com_-1024x682.jpg\" alt=\"\" class=\"wp-image-12292\" style=\"width:694px;height:auto\" srcset=\"https:\/\/redelucymontoro.org.br\/site\/wp-content\/uploads\/2025\/08\/visita-casa-andre-luiz_Easy-Resize.com_-1024x682.jpg 1024w, https:\/\/redelucymontoro.org.br\/site\/wp-content\/uploads\/2025\/08\/visita-casa-andre-luiz_Easy-Resize.com_-300x200.jpg 300w, https:\/\/redelucymontoro.org.br\/site\/wp-content\/uploads\/2025\/08\/visita-casa-andre-luiz_Easy-Resize.com_-768x512.jpg 768w, https:\/\/redelucymontoro.org.br\/site\/wp-content\/uploads\/2025\/08\/visita-casa-andre-luiz_Easy-Resize.com_.jpg 1200w\" sizes=\"(max-width: 1024px) 100vw, 1024px\" \/><\/figure>\n\n\n\n<p><\/p>\n","protected":false},"excerpt":{"rendered":"","protected":false},"author":10,"featured_media":0,"comment_status":"closed","ping_status":"closed","sticky":false,"template":"","format":"standard","meta":{"_acf_changed":false,"inline_featured_image":false,"footnotes":""},"categories":[52],"tags":[],"class_list":["post-12291","post","type-post","status-publish","format-standard","hentry","category-noticias-cpc"],"acf":[],"_links":{"self":[{"href":"https:\/\/redelucymontoro.org.br\/site\/wp-json\/wp\/v2\/posts\/12291","targetHints":{"allow":["GET"]}}],"collection":[{"href":"https:\/\/redelucymontoro.org.br\/site\/wp-json\/wp\/v2\/posts"}],"about":[{"href":"https:\/\/redelucymontoro.org.br\/site\/wp-json\/wp\/v2\/types\/post"}],"author":[{"embeddable":true,"href":"https:\/\/redelucymontoro.org.br\/site\/wp-json\/wp\/v2\/users\/10"}],"replies":[{"embeddable":true,"href":"https:\/\/redelucymontoro.org.br\/site\/wp-json\/wp\/v2\/comments?post=12291"}],"version-history":[{"count":1,"href":"https:\/\/redelucymontoro.org.br\/site\/wp-json\/wp\/v2\/posts\/12291\/revisions"}],"predecessor-version":[{"id":12293,"href":"https:\/\/redelucymontoro.org.br\/site\/wp-json\/wp\/v2\/posts\/12291\/revisions\/12293"}],"wp:attachment":[{"href":"https:\/\/redelucymontoro.org.br\/site\/wp-json\/wp\/v2\/media?parent=12291"}],"wp:term":[{"taxonomy":"category","embeddable":true,"href":"https:\/\/redelucymontoro.org.br\/site\/wp-json\/wp\/v2\/categories?post=12291"},{"taxonomy":"post_tag","embeddable":true,"href":"https:\/\/redelucymontoro.org.br\/site\/wp-json\/wp\/v2\/tags?post=12291"}],"curies":[{"name":"wp","href":"https:\/\/api.w.org\/{rel}","templated":true}]}}