{"id":12254,"date":"2025-08-13T14:34:34","date_gmt":"2025-08-13T17:34:34","guid":{"rendered":"https:\/\/redelucymontoro.org.br\/site\/?p=12254"},"modified":"2025-08-13T14:34:35","modified_gmt":"2025-08-13T17:34:35","slug":"imrea-vila-mariana-recebe-pre-congresso-de-enfermagem-em-reabilitacao","status":"publish","type":"post","link":"https:\/\/redelucymontoro.org.br\/site\/imrea-vila-mariana-recebe-pre-congresso-de-enfermagem-em-reabilitacao\/","title":{"rendered":"IMREA Vila Mariana recebe Pr\u00e9-Congresso de Enfermagem em Reabilita\u00e7\u00e3o"},"content":{"rendered":"\n<p>No dia 07\/08\/2025, o IMREA Vila Mariana recebeu o pr\u00e9-congresso&nbsp;<em>\u201cProtagonismo do Enfermeiro na Gest\u00e3o do Cuidado em Reabilita\u00e7\u00e3o\u201d<\/em>&nbsp;que antecedeu o 1\u00ba Congresso Brasileiro de Enfermagem em Neurologia e Neurocirurgia, promovido pela Associa\u00e7\u00e3o Brasileira&nbsp;de Enfermagem.<\/p>\n\n\n\n<p>Foi um momento importante para fortalecer o papel do enfermeiro nesse campo essencial da sa\u00fade, e ao longo do encontro foram abordados temas-chave como autocuidado, papel do cuidador\/familiar, atua\u00e7\u00e3o interdisciplinar, desafios do envelhecimento saud\u00e1vel,&nbsp;uso do processo de enfermagem e gest\u00e3o do cuidado.<\/p>\n\n\n\n<p>A programa\u00e7\u00e3o contou com a participa\u00e7\u00e3o de especialistas experientes e atuantes na reabilita\u00e7\u00e3o \u2014&nbsp;<strong>Enf. Antenor Bispo, Enf. Me. Marcelo Ferraz Ruas Rodrigues, Enfa. Ana Paula Flor, Dra. Marcele Pescuma Capeletti Padula, Dra. T\u00e2nia Mara Nascimento de Miranda Engler<\/strong>&nbsp;e&nbsp;<strong>Enfa. Ms. Sara Borges Santos Ara\u00fajo<\/strong>&nbsp;\u2014 que compartilharam experi\u00eancias e conhecimentos fundamentais para o avan\u00e7o da enfermagem de reabilita\u00e7\u00e3o no Brasil.<\/p>\n\n\n\n<p>&#8221; O&nbsp;IMREA&nbsp;&nbsp;HC FMUSP \u2013 Rede Lucy Montoro foi parceiro fundamental na realiza\u00e7\u00e3o do curso. Essa iniciativa refor\u00e7a a import\u00e2ncia do protagonismo do enfermeiro na promo\u00e7\u00e3o da funcionalidade, autonomia e qualidade de vida dos pacientes\u201d, destacou o enfermeiro do IMREA HCFMUSP\/Rede Lucy Montoro e palestrante convidado do congresso, Antenor Bispo.<\/p>\n\n\n\n<figure class=\"wp-block-image size-large\"><img fetchpriority=\"high\" decoding=\"async\" width=\"1024\" height=\"682\" src=\"https:\/\/redelucymontoro.org.br\/site\/wp-content\/uploads\/2025\/08\/IMG_4767_Easy-Resize.com_-1024x682.jpg\" alt=\"\" class=\"wp-image-12255\" srcset=\"https:\/\/redelucymontoro.org.br\/site\/wp-content\/uploads\/2025\/08\/IMG_4767_Easy-Resize.com_-1024x682.jpg 1024w, https:\/\/redelucymontoro.org.br\/site\/wp-content\/uploads\/2025\/08\/IMG_4767_Easy-Resize.com_-300x200.jpg 300w, https:\/\/redelucymontoro.org.br\/site\/wp-content\/uploads\/2025\/08\/IMG_4767_Easy-Resize.com_-768x512.jpg 768w, https:\/\/redelucymontoro.org.br\/site\/wp-content\/uploads\/2025\/08\/IMG_4767_Easy-Resize.com_.jpg 1200w\" sizes=\"(max-width: 1024px) 100vw, 1024px\" \/><\/figure>\n\n\n\n<figure class=\"wp-block-image size-large\"><img decoding=\"async\" width=\"1024\" height=\"682\" src=\"https:\/\/redelucymontoro.org.br\/site\/wp-content\/uploads\/2025\/08\/IMG_4773_Easy-Resize.com_-1024x682.jpg\" alt=\"\" class=\"wp-image-12256\" srcset=\"https:\/\/redelucymontoro.org.br\/site\/wp-content\/uploads\/2025\/08\/IMG_4773_Easy-Resize.com_-1024x682.jpg 1024w, https:\/\/redelucymontoro.org.br\/site\/wp-content\/uploads\/2025\/08\/IMG_4773_Easy-Resize.com_-300x200.jpg 300w, https:\/\/redelucymontoro.org.br\/site\/wp-content\/uploads\/2025\/08\/IMG_4773_Easy-Resize.com_-768x512.jpg 768w, https:\/\/redelucymontoro.org.br\/site\/wp-content\/uploads\/2025\/08\/IMG_4773_Easy-Resize.com_.jpg 1200w\" sizes=\"(max-width: 1024px) 100vw, 1024px\" \/><\/figure>\n\n\n\n<figure class=\"wp-block-image size-large\"><img decoding=\"async\" width=\"1024\" height=\"682\" src=\"https:\/\/redelucymontoro.org.br\/site\/wp-content\/uploads\/2025\/08\/IMG_4786_Easy-Resize.com_-1024x682.jpg\" alt=\"\" class=\"wp-image-12257\" srcset=\"https:\/\/redelucymontoro.org.br\/site\/wp-content\/uploads\/2025\/08\/IMG_4786_Easy-Resize.com_-1024x682.jpg 1024w, https:\/\/redelucymontoro.org.br\/site\/wp-content\/uploads\/2025\/08\/IMG_4786_Easy-Resize.com_-300x200.jpg 300w, https:\/\/redelucymontoro.org.br\/site\/wp-content\/uploads\/2025\/08\/IMG_4786_Easy-Resize.com_-768x512.jpg 768w, https:\/\/redelucymontoro.org.br\/site\/wp-content\/uploads\/2025\/08\/IMG_4786_Easy-Resize.com_.jpg 1200w\" sizes=\"(max-width: 1024px) 100vw, 1024px\" \/><\/figure>\n\n\n\n<figure class=\"wp-block-image size-large\"><img loading=\"lazy\" decoding=\"async\" width=\"1024\" height=\"682\" src=\"https:\/\/redelucymontoro.org.br\/site\/wp-content\/uploads\/2025\/08\/IMG_4780_Easy-Resize.com_-1024x682.jpg\" alt=\"\" class=\"wp-image-12258\" srcset=\"https:\/\/redelucymontoro.org.br\/site\/wp-content\/uploads\/2025\/08\/IMG_4780_Easy-Resize.com_-1024x682.jpg 1024w, https:\/\/redelucymontoro.org.br\/site\/wp-content\/uploads\/2025\/08\/IMG_4780_Easy-Resize.com_-300x200.jpg 300w, https:\/\/redelucymontoro.org.br\/site\/wp-content\/uploads\/2025\/08\/IMG_4780_Easy-Resize.com_-768x512.jpg 768w, https:\/\/redelucymontoro.org.br\/site\/wp-content\/uploads\/2025\/08\/IMG_4780_Easy-Resize.com_.jpg 1200w\" sizes=\"(max-width: 1024px) 100vw, 1024px\" \/><\/figure>\n","protected":false},"excerpt":{"rendered":"","protected":false},"author":11,"featured_media":0,"comment_status":"closed","ping_status":"closed","sticky":false,"template":"","format":"standard","meta":{"_acf_changed":false,"inline_featured_image":false,"footnotes":""},"categories":[9],"tags":[],"class_list":["post-12254","post","type-post","status-publish","format-standard","hentry","category-noticias"],"acf":[],"_links":{"self":[{"href":"https:\/\/redelucymontoro.org.br\/site\/wp-json\/wp\/v2\/posts\/12254","targetHints":{"allow":["GET"]}}],"collection":[{"href":"https:\/\/redelucymontoro.org.br\/site\/wp-json\/wp\/v2\/posts"}],"about":[{"href":"https:\/\/redelucymontoro.org.br\/site\/wp-json\/wp\/v2\/types\/post"}],"author":[{"embeddable":true,"href":"https:\/\/redelucymontoro.org.br\/site\/wp-json\/wp\/v2\/users\/11"}],"replies":[{"embeddable":true,"href":"https:\/\/redelucymontoro.org.br\/site\/wp-json\/wp\/v2\/comments?post=12254"}],"version-history":[{"count":1,"href":"https:\/\/redelucymontoro.org.br\/site\/wp-json\/wp\/v2\/posts\/12254\/revisions"}],"predecessor-version":[{"id":12259,"href":"https:\/\/redelucymontoro.org.br\/site\/wp-json\/wp\/v2\/posts\/12254\/revisions\/12259"}],"wp:attachment":[{"href":"https:\/\/redelucymontoro.org.br\/site\/wp-json\/wp\/v2\/media?parent=12254"}],"wp:term":[{"taxonomy":"category","embeddable":true,"href":"https:\/\/redelucymontoro.org.br\/site\/wp-json\/wp\/v2\/categories?post=12254"},{"taxonomy":"post_tag","embeddable":true,"href":"https:\/\/redelucymontoro.org.br\/site\/wp-json\/wp\/v2\/tags?post=12254"}],"curies":[{"name":"wp","href":"https:\/\/api.w.org\/{rel}","templated":true}]}}