{"id":12248,"date":"2025-08-08T08:42:39","date_gmt":"2025-08-08T11:42:39","guid":{"rendered":"https:\/\/redelucymontoro.org.br\/site\/?p=12248"},"modified":"2025-09-30T08:50:52","modified_gmt":"2025-09-30T11:50:52","slug":"participacao-da-profa-linamara-rizzo-battistella-no-programa-viver-melhor-da-bandnews","status":"publish","type":"post","link":"https:\/\/redelucymontoro.org.br\/site\/participacao-da-profa-linamara-rizzo-battistella-no-programa-viver-melhor-da-bandnews\/","title":{"rendered":"Participa\u00e7\u00e3o da Profa. Linamara Rizzo Battistella no Programa Viver Melhor da BandNews"},"content":{"rendered":"\n<p>Confira a participa\u00e7\u00e3o da Profa Linamara Rizzo Battistella no programa Viver Melhor, da BandNews TV, sobre dores cr\u00f4nicas, reabilita\u00e7\u00e3o e o impacto dos h\u00e1bitos para o desenvolvimento de inc\u00f4modos e problemas\u00a0para\u00a0a\u00a0sa\u00fade.<\/p>\n\n\n\n<figure class=\"wp-block-embed is-type-video is-provider-youtube wp-block-embed-youtube wp-embed-aspect-16-9 wp-has-aspect-ratio\"><div class=\"wp-block-embed__wrapper\">\n<iframe title=\"Viver Melhor - Usar o celular prejudica a postura? | BandNews TV\" width=\"1200\" height=\"675\" src=\"https:\/\/www.youtube.com\/embed\/mwpdNWsHlbs?list=PLbdi7VShIWenToMnkTatE_9H_Yi4rpdvw\" frameborder=\"0\" allow=\"accelerometer; autoplay; clipboard-write; encrypted-media; gyroscope; picture-in-picture; web-share\" referrerpolicy=\"strict-origin-when-cross-origin\" allowfullscreen><\/iframe>\n<\/div><\/figure>\n","protected":false},"excerpt":{"rendered":"","protected":false},"author":11,"featured_media":0,"comment_status":"closed","ping_status":"closed","sticky":false,"template":"","format":"standard","meta":{"_acf_changed":false,"inline_featured_image":false,"footnotes":""},"categories":[10,54],"tags":[],"class_list":["post-12248","post","type-post","status-publish","format-standard","hentry","category-imprensa","category-lucy-na-midia"],"acf":[],"_links":{"self":[{"href":"https:\/\/redelucymontoro.org.br\/site\/wp-json\/wp\/v2\/posts\/12248","targetHints":{"allow":["GET"]}}],"collection":[{"href":"https:\/\/redelucymontoro.org.br\/site\/wp-json\/wp\/v2\/posts"}],"about":[{"href":"https:\/\/redelucymontoro.org.br\/site\/wp-json\/wp\/v2\/types\/post"}],"author":[{"embeddable":true,"href":"https:\/\/redelucymontoro.org.br\/site\/wp-json\/wp\/v2\/users\/11"}],"replies":[{"embeddable":true,"href":"https:\/\/redelucymontoro.org.br\/site\/wp-json\/wp\/v2\/comments?post=12248"}],"version-history":[{"count":1,"href":"https:\/\/redelucymontoro.org.br\/site\/wp-json\/wp\/v2\/posts\/12248\/revisions"}],"predecessor-version":[{"id":12249,"href":"https:\/\/redelucymontoro.org.br\/site\/wp-json\/wp\/v2\/posts\/12248\/revisions\/12249"}],"wp:attachment":[{"href":"https:\/\/redelucymontoro.org.br\/site\/wp-json\/wp\/v2\/media?parent=12248"}],"wp:term":[{"taxonomy":"category","embeddable":true,"href":"https:\/\/redelucymontoro.org.br\/site\/wp-json\/wp\/v2\/categories?post=12248"},{"taxonomy":"post_tag","embeddable":true,"href":"https:\/\/redelucymontoro.org.br\/site\/wp-json\/wp\/v2\/tags?post=12248"}],"curies":[{"name":"wp","href":"https:\/\/api.w.org\/{rel}","templated":true}]}}