{"id":12012,"date":"2025-05-19T14:56:38","date_gmt":"2025-05-19T17:56:38","guid":{"rendered":"https:\/\/redelucymontoro.org.br\/site\/?p=12012"},"modified":"2025-05-19T14:56:39","modified_gmt":"2025-05-19T17:56:39","slug":"imrea-e-irlm-promovem-mais-uma-edicao-do-projeto-integrar-collab-para-colaboradores","status":"publish","type":"post","link":"https:\/\/redelucymontoro.org.br\/site\/imrea-e-irlm-promovem-mais-uma-edicao-do-projeto-integrar-collab-para-colaboradores\/","title":{"rendered":"IMREA e IRLM promovem mais uma edi\u00e7\u00e3o do Projeto Integrar Collab para colaboradores"},"content":{"rendered":"\n<p>No dia 16 de maio, as unidades do IMREA e do IRLM realizaram mais uma edi\u00e7\u00e3o do Projeto Integrar Collab, voltado para os colaboradores. Nesta edi\u00e7\u00e3o, a iniciativa trouxe a din\u00e2mica &#8220;\u00c1rvore da Vida&#8221;, com o objetivo de promover conex\u00e3o, empatia, fortalecer v\u00ednculos e melhorar a viv\u00eancia entre os participantes.<\/p>\n\n\n\n<p>A atividade foi inspirada na metodologia aplicada pelo Hospital Regional Saint Elizabeth, em Nebraska, e dividiu os participantes em grupos. Cada um recebeu um desenho de \u00e1rvore, onde diferentes partes representavam aspectos espec\u00edficos da vida: as ma\u00e7\u00e3s simbolizavam as pessoas importantes, como fam\u00edlia, amigos e refer\u00eancias, os la\u00e7os fortes e as conex\u00f5es humanas. O tronco representava a identidade pessoal, destacando o nome preferido e as caracter\u00edsticas \u00fanicas de cada um. As flores remetiam aos prazeres e fontes de bem-estar, como hobbies e interesses pessoais. Por fim, as ra\u00edzes simbolizavam os apoios fundamentais, como grupos de suporte, religi\u00e3o e atividades que proporcionam equil\u00edbrio emocional.<\/p>\n\n\n\n<p>Ap\u00f3s preencherem suas \u00e1rvores, os grupos compartilharam reflex\u00f5es sobre as semelhan\u00e7as e conex\u00f5es encontradas entre os participantes, destacando a import\u00e2ncia de uma conviv\u00eancia saud\u00e1vel no ambiente de trabalho e na vida pessoal.<\/p>\n\n\n\n<p>Para Juliana de Jesus, colaboradora do Servi\u00e7o de Fisioterapia do IMREA Vila Mariana, a experi\u00eancia foi marcante: &#8220;Estou aqui h\u00e1 apenas uma semana, mas j\u00e1 percebi o acolhimento e a receptividade. Acredito que essa sensa\u00e7\u00e3o independe do tempo de casa, pois todos parecem se identificar profundamente com o trabalho e a reabilita\u00e7\u00e3o dos pacientes&#8221;.<\/p>\n\n\n\n<p>Tessia da Costa Figueredo, coordenadora administrativa do IMREA Cl\u00ednicas e uma das idealizadoras do projeto, refor\u00e7ou a relev\u00e2ncia da atividade: &#8220;A din\u00e2mica proporcionou um momento de integra\u00e7\u00e3o valioso entre os colaboradores. Essa oportunidade de nos conhecermos melhor fortalece os v\u00ednculos interpessoais e estimula um ambiente organizacional mais colaborativo e emp\u00e1tico. Um ambiente harmonioso reflete diretamente na qualidade do atendimento e no bem-estar de todos os envolvidos&#8221;.<\/p>\n\n\n\n<figure class=\"wp-block-gallery has-nested-images columns-default is-cropped wp-block-gallery-1 is-layout-flex wp-block-gallery-is-layout-flex\">\n<figure class=\"wp-block-image size-large\"><img fetchpriority=\"high\" decoding=\"async\" width=\"1024\" height=\"768\" data-id=\"12013\" src=\"https:\/\/redelucymontoro.org.br\/site\/wp-content\/uploads\/2025\/05\/arvore-clinicas-1024x768.jpeg\" alt=\"\" class=\"wp-image-12013\" srcset=\"https:\/\/redelucymontoro.org.br\/site\/wp-content\/uploads\/2025\/05\/arvore-clinicas-1024x768.jpeg 1024w, https:\/\/redelucymontoro.org.br\/site\/wp-content\/uploads\/2025\/05\/arvore-clinicas-300x225.jpeg 300w, https:\/\/redelucymontoro.org.br\/site\/wp-content\/uploads\/2025\/05\/arvore-clinicas-768x576.jpeg 768w, https:\/\/redelucymontoro.org.br\/site\/wp-content\/uploads\/2025\/05\/arvore-clinicas.jpeg 1200w\" sizes=\"(max-width: 1024px) 100vw, 1024px\" \/><\/figure>\n<\/figure>\n\n\n\n<p><\/p>\n\n\n\n<figure class=\"wp-block-gallery has-nested-images columns-default is-cropped wp-block-gallery-2 is-layout-flex wp-block-gallery-is-layout-flex\">\n<figure class=\"wp-block-image size-large\"><img decoding=\"async\" width=\"1024\" height=\"768\" data-id=\"12014\" src=\"https:\/\/redelucymontoro.org.br\/site\/wp-content\/uploads\/2025\/05\/arvore-lapa-1024x768.jpeg\" alt=\"\" class=\"wp-image-12014\" srcset=\"https:\/\/redelucymontoro.org.br\/site\/wp-content\/uploads\/2025\/05\/arvore-lapa-1024x768.jpeg 1024w, https:\/\/redelucymontoro.org.br\/site\/wp-content\/uploads\/2025\/05\/arvore-lapa-300x225.jpeg 300w, https:\/\/redelucymontoro.org.br\/site\/wp-content\/uploads\/2025\/05\/arvore-lapa-768x576.jpeg 768w, https:\/\/redelucymontoro.org.br\/site\/wp-content\/uploads\/2025\/05\/arvore-lapa.jpeg 1200w\" sizes=\"(max-width: 1024px) 100vw, 1024px\" \/><\/figure>\n<\/figure>\n\n\n\n<p><\/p>\n\n\n\n<figure class=\"wp-block-gallery has-nested-images columns-default is-cropped wp-block-gallery-3 is-layout-flex wp-block-gallery-is-layout-flex\">\n<figure class=\"wp-block-image size-large\"><img decoding=\"async\" width=\"1024\" height=\"768\" data-id=\"12015\" src=\"https:\/\/redelucymontoro.org.br\/site\/wp-content\/uploads\/2025\/05\/arvore-morumbi-1024x768.jpeg\" alt=\"\" class=\"wp-image-12015\" srcset=\"https:\/\/redelucymontoro.org.br\/site\/wp-content\/uploads\/2025\/05\/arvore-morumbi-1024x768.jpeg 1024w, https:\/\/redelucymontoro.org.br\/site\/wp-content\/uploads\/2025\/05\/arvore-morumbi-300x225.jpeg 300w, https:\/\/redelucymontoro.org.br\/site\/wp-content\/uploads\/2025\/05\/arvore-morumbi-768x576.jpeg 768w, https:\/\/redelucymontoro.org.br\/site\/wp-content\/uploads\/2025\/05\/arvore-morumbi.jpeg 1200w\" sizes=\"(max-width: 1024px) 100vw, 1024px\" \/><\/figure>\n<\/figure>\n\n\n\n<p><\/p>\n\n\n\n<figure class=\"wp-block-gallery has-nested-images columns-default is-cropped wp-block-gallery-4 is-layout-flex wp-block-gallery-is-layout-flex\">\n<figure class=\"wp-block-image size-large\"><img loading=\"lazy\" decoding=\"async\" width=\"1024\" height=\"768\" data-id=\"12016\" src=\"https:\/\/redelucymontoro.org.br\/site\/wp-content\/uploads\/2025\/05\/arvore-umarizal-1024x768.jpeg\" alt=\"\" class=\"wp-image-12016\" srcset=\"https:\/\/redelucymontoro.org.br\/site\/wp-content\/uploads\/2025\/05\/arvore-umarizal-1024x768.jpeg 1024w, https:\/\/redelucymontoro.org.br\/site\/wp-content\/uploads\/2025\/05\/arvore-umarizal-300x225.jpeg 300w, https:\/\/redelucymontoro.org.br\/site\/wp-content\/uploads\/2025\/05\/arvore-umarizal-768x576.jpeg 768w, https:\/\/redelucymontoro.org.br\/site\/wp-content\/uploads\/2025\/05\/arvore-umarizal.jpeg 1200w\" sizes=\"(max-width: 1024px) 100vw, 1024px\" \/><\/figure>\n<\/figure>\n\n\n\n<p><\/p>\n\n\n\n<figure class=\"wp-block-gallery has-nested-images columns-default is-cropped wp-block-gallery-5 is-layout-flex wp-block-gallery-is-layout-flex\">\n<figure class=\"wp-block-image size-large\"><img loading=\"lazy\" decoding=\"async\" width=\"1024\" height=\"682\" data-id=\"12017\" src=\"https:\/\/redelucymontoro.org.br\/site\/wp-content\/uploads\/2025\/05\/arvore-vila-mariana_Easy-Resize.com_-1024x682.jpg\" alt=\"\" class=\"wp-image-12017\" srcset=\"https:\/\/redelucymontoro.org.br\/site\/wp-content\/uploads\/2025\/05\/arvore-vila-mariana_Easy-Resize.com_-1024x682.jpg 1024w, https:\/\/redelucymontoro.org.br\/site\/wp-content\/uploads\/2025\/05\/arvore-vila-mariana_Easy-Resize.com_-300x200.jpg 300w, https:\/\/redelucymontoro.org.br\/site\/wp-content\/uploads\/2025\/05\/arvore-vila-mariana_Easy-Resize.com_-768x512.jpg 768w, https:\/\/redelucymontoro.org.br\/site\/wp-content\/uploads\/2025\/05\/arvore-vila-mariana_Easy-Resize.com_.jpg 1200w\" sizes=\"(max-width: 1024px) 100vw, 1024px\" \/><\/figure>\n<\/figure>\n","protected":false},"excerpt":{"rendered":"","protected":false},"author":10,"featured_media":0,"comment_status":"closed","ping_status":"closed","sticky":false,"template":"","format":"standard","meta":{"_acf_changed":false,"inline_featured_image":false,"footnotes":""},"categories":[9],"tags":[],"class_list":["post-12012","post","type-post","status-publish","format-standard","hentry","category-noticias"],"acf":[],"_links":{"self":[{"href":"https:\/\/redelucymontoro.org.br\/site\/wp-json\/wp\/v2\/posts\/12012","targetHints":{"allow":["GET"]}}],"collection":[{"href":"https:\/\/redelucymontoro.org.br\/site\/wp-json\/wp\/v2\/posts"}],"about":[{"href":"https:\/\/redelucymontoro.org.br\/site\/wp-json\/wp\/v2\/types\/post"}],"author":[{"embeddable":true,"href":"https:\/\/redelucymontoro.org.br\/site\/wp-json\/wp\/v2\/users\/10"}],"replies":[{"embeddable":true,"href":"https:\/\/redelucymontoro.org.br\/site\/wp-json\/wp\/v2\/comments?post=12012"}],"version-history":[{"count":1,"href":"https:\/\/redelucymontoro.org.br\/site\/wp-json\/wp\/v2\/posts\/12012\/revisions"}],"predecessor-version":[{"id":12018,"href":"https:\/\/redelucymontoro.org.br\/site\/wp-json\/wp\/v2\/posts\/12012\/revisions\/12018"}],"wp:attachment":[{"href":"https:\/\/redelucymontoro.org.br\/site\/wp-json\/wp\/v2\/media?parent=12012"}],"wp:term":[{"taxonomy":"category","embeddable":true,"href":"https:\/\/redelucymontoro.org.br\/site\/wp-json\/wp\/v2\/categories?post=12012"},{"taxonomy":"post_tag","embeddable":true,"href":"https:\/\/redelucymontoro.org.br\/site\/wp-json\/wp\/v2\/tags?post=12012"}],"curies":[{"name":"wp","href":"https:\/\/api.w.org\/{rel}","templated":true}]}}